{"id":97,"date":"2017-05-22T19:54:15","date_gmt":"2017-05-22T19:54:15","guid":{"rendered":"http:\/\/laufseggenelauf.de\/?p=97"},"modified":"2020-10-06T14:13:05","modified_gmt":"2020-10-06T14:13:05","slug":"erster-ultra-fuer-ruediger-rennsteig-supermarathon-mit-73-5-km","status":"publish","type":"post","link":"https:\/\/laufseggenelauf.de\/?p=97","title":{"rendered":"Erster Ultra f\u00fcr R\u00fcdiger, Rennsteig Supermarathon mit 73.5 km"},"content":{"rendered":"<p>Liebe Lauftreffler,<\/p>\n<p>R\u00fcdiger war die letzten Monate fast nur noch laufend unterwegs, um f\u00fcr seinen ersten Ultra zu trainieren. Augenzeugen hatten beobachtet, dass er sogar mit Hund und ohne Auto Richtung Umgehungsstra\u00dfe unterwegs war. Zwischendurch waren dann l\u00e4ngere L\u00e4ufe auf dem Plan. Zum Beispiel \u00fcber 5 Stunden lange L\u00e4ufe mit mehrfachen Auf- und Abstieg zum Wei\u00dfen Stein.<\/p>\n<p><img loading=\"lazy\" decoding=\"async\" class=\"alignnone size-medium wp-image-99\" src=\"https:\/\/laufseggenelauf.de\/wp-content\/uploads\/2017\/05\/201705_R\u00fcdiger1-300x169.jpg\" alt=\"\" width=\"300\" height=\"169\" srcset=\"https:\/\/laufseggenelauf.de\/wp-content\/uploads\/2017\/05\/201705_R\u00fcdiger1-300x169.jpg 300w, https:\/\/laufseggenelauf.de\/wp-content\/uploads\/2017\/05\/201705_R\u00fcdiger1-768x432.jpg 768w, https:\/\/laufseggenelauf.de\/wp-content\/uploads\/2017\/05\/201705_R\u00fcdiger1-1024x576.jpg 1024w, https:\/\/laufseggenelauf.de\/wp-content\/uploads\/2017\/05\/201705_R\u00fcdiger1.jpg 1032w\" sizes=\"auto, (max-width: 300px) 100vw, 300px\" \/><\/p>\n<p><img loading=\"lazy\" decoding=\"async\" class=\"alignnone size-medium wp-image-100\" src=\"https:\/\/laufseggenelauf.de\/wp-content\/uploads\/2017\/05\/201705_R\u00fcdiger2-169x300.jpg\" alt=\"\" width=\"169\" height=\"300\" srcset=\"https:\/\/laufseggenelauf.de\/wp-content\/uploads\/2017\/05\/201705_R\u00fcdiger2-169x300.jpg 169w, https:\/\/laufseggenelauf.de\/wp-content\/uploads\/2017\/05\/201705_R\u00fcdiger2-576x1024.jpg 576w, https:\/\/laufseggenelauf.de\/wp-content\/uploads\/2017\/05\/201705_R\u00fcdiger2.jpg 581w\" sizes=\"auto, (max-width: 169px) 100vw, 169px\" \/><\/p>\n<p>Am Samstag war es dann soweit, nach einer ruhigen Nacht startete R\u00fcdiger um 6 Uhr zum Supermarathon in Eisenach (Th\u00fcringen). Ziel war wie immer Schmiedefeld. Dazwischen liegen 73.5 km und \u00fcber 1800 H\u00f6henmeter ansteigend, in Summe fast 3300 hm.<\/p>\n<p><img loading=\"lazy\" decoding=\"async\" class=\"alignnone size-medium wp-image-101\" src=\"https:\/\/laufseggenelauf.de\/wp-content\/uploads\/2017\/05\/201705_R\u00fcdiger3-300x225.jpg\" alt=\"\" width=\"300\" height=\"225\" srcset=\"https:\/\/laufseggenelauf.de\/wp-content\/uploads\/2017\/05\/201705_R\u00fcdiger3-300x225.jpg 300w, https:\/\/laufseggenelauf.de\/wp-content\/uploads\/2017\/05\/201705_R\u00fcdiger3-768x576.jpg 768w, https:\/\/laufseggenelauf.de\/wp-content\/uploads\/2017\/05\/201705_R\u00fcdiger3-1024x768.jpg 1024w, https:\/\/laufseggenelauf.de\/wp-content\/uploads\/2017\/05\/201705_R\u00fcdiger3.jpg 1152w\" sizes=\"auto, (max-width: 300px) 100vw, 300px\" \/><\/p>\n<p>Das Problem beim ersten Ultra muss \u00e4hnlich sein wie beim ersten Marathon &#8211; keiner kann vorhersagen wie es ist, so weit zu laufen. Sein Ziel war es aber, vor 18:00 Uhr in Schmiedefeld anzukommen, um nur ja die Party im Zelt nicht zu verpassen.<\/p>\n<p>Und hier sein Kurzbericht:<br \/>\nDas Wetter war toll, die Temperaturen waren angenehm und trotzdem mit Sonne. Die Wege etwas vermatscht aber gut zu laufen. Die Strecke f\u00fchrte durch eine abwechslungsreiche Landschaft. Die Organisation war perfekt, die Versorgungsstellen gut ausger\u00fcstet und Harald hatte recht, dass keine Eigenverpflegung notwendig war. Ansonsten tolle Stimmung und unterwegs L\u00e4ufer aus Hockenheim, Bienwald und Schriesheim getroffen. Der Zieleinlauf war nat\u00fcrlich gigantisch &#8230; und dann noch die Abschlussparty (habe nur noch 1 Stunde geschafft &#8211; dann fuhr der Shuttelbus zur\u00fcck nach Eisenach).<br \/>\nFAZIT: An den Versorgungsstellen verk\u00f6stigen Bananen, Zitrone mit Salz, Schmalzbrot, Wiener W\u00fcrstchen, Kuchen , Leberwurstbrot, Tee, Krakauer, \u00c4pfel, B\u00ecer und Th\u00fcringer Bratwurst &#8230; passen zusammen, ohne dass einem schlecht wird &#8230; den Rennsteiglauf w\u00fcrde ich sofort wieder machen.<\/p>\n<p>Die Zeit: 11:07:02, gleichm\u00e4\u00dfig gelaufen.<\/p>\n<p>Gratulation R\u00fcdiger und Chapeau!<\/p>\n<p>Gru\u00df<br \/>\nGerhard<\/p>\n<p>Die Zwischenzeiten<br \/>\nkm 25,2 &#8211; Gro\u00dfer Inselsberg 03:52:00<br \/>\nkm 37,0 &#8211; Ebertswiese 05:33:33<br \/>\nkm 54,0 &#8211; Grenzadler 08:11:17<br \/>\nkm 64 &#8211; Schm\u00fccke<\/p>\n<p><a href=\"http:\/\/www.rennsteiglauf.de\">http:\/\/www.rennsteiglauf.de<\/a><br \/>\n<a href=\"http:\/\/www.rennsteiglauf.de\/wettkampf\/ergebnisse\/\">Ergebnisse<\/a><\/p>\n<p><img loading=\"lazy\" decoding=\"async\" class=\"alignnone size-medium wp-image-102\" src=\"https:\/\/laufseggenelauf.de\/wp-content\/uploads\/2017\/05\/201705_R\u00fcdiger4-300x225.jpg\" alt=\"\" width=\"300\" height=\"225\" srcset=\"https:\/\/laufseggenelauf.de\/wp-content\/uploads\/2017\/05\/201705_R\u00fcdiger4-300x225.jpg 300w, https:\/\/laufseggenelauf.de\/wp-content\/uploads\/2017\/05\/201705_R\u00fcdiger4-768x576.jpg 768w, https:\/\/laufseggenelauf.de\/wp-content\/uploads\/2017\/05\/201705_R\u00fcdiger4-1024x768.jpg 1024w, https:\/\/laufseggenelauf.de\/wp-content\/uploads\/2017\/05\/201705_R\u00fcdiger4.jpg 1152w\" sizes=\"auto, (max-width: 300px) 100vw, 300px\" \/><\/p>\n<p><img loading=\"lazy\" decoding=\"async\" class=\"alignnone size-medium wp-image-103\" src=\"https:\/\/laufseggenelauf.de\/wp-content\/uploads\/2017\/05\/201705_R\u00fcdiger5-225x300.jpg\" alt=\"\" width=\"225\" height=\"300\" srcset=\"https:\/\/laufseggenelauf.de\/wp-content\/uploads\/2017\/05\/201705_R\u00fcdiger5-225x300.jpg 225w, https:\/\/laufseggenelauf.de\/wp-content\/uploads\/2017\/05\/201705_R\u00fcdiger5-768x1024.jpg 768w, https:\/\/laufseggenelauf.de\/wp-content\/uploads\/2017\/05\/201705_R\u00fcdiger5.jpg 864w\" sizes=\"auto, (max-width: 225px) 100vw, 225px\" \/><\/p>\n<p><img loading=\"lazy\" decoding=\"async\" class=\"alignnone size-medium wp-image-104\" src=\"https:\/\/laufseggenelauf.de\/wp-content\/uploads\/2017\/05\/201705_R\u00fcdiger6-300x225.jpg\" alt=\"\" width=\"300\" height=\"225\" srcset=\"https:\/\/laufseggenelauf.de\/wp-content\/uploads\/2017\/05\/201705_R\u00fcdiger6-300x225.jpg 300w, https:\/\/laufseggenelauf.de\/wp-content\/uploads\/2017\/05\/201705_R\u00fcdiger6-768x576.jpg 768w, https:\/\/laufseggenelauf.de\/wp-content\/uploads\/2017\/05\/201705_R\u00fcdiger6-1024x768.jpg 1024w, https:\/\/laufseggenelauf.de\/wp-content\/uploads\/2017\/05\/201705_R\u00fcdiger6.jpg 1152w\" sizes=\"auto, (max-width: 300px) 100vw, 300px\" \/><\/p>\n<div style=\"width: 474px;\" class=\"wp-video\"><video class=\"wp-video-shortcode\" id=\"video-97-1\" width=\"474\" height=\"261\" preload=\"metadata\" controls=\"controls\"><source type=\"video\/mp4\" src=\"https:\/\/laufseggenelauf.de\/wp-content\/uploads\/2017\/05\/201705_R\u00fcdigerZelt.mp4?_=1\" \/><a href=\"https:\/\/laufseggenelauf.de\/wp-content\/uploads\/2017\/05\/201705_R\u00fcdigerZelt.mp4\">https:\/\/laufseggenelauf.de\/wp-content\/uploads\/2017\/05\/201705_R\u00fcdigerZelt.mp4<\/a><\/video><\/div>\n","protected":false},"excerpt":{"rendered":"<p>Liebe Lauftreffler, R\u00fcdiger war die letzten Monate fast nur noch laufend unterwegs, um f\u00fcr seinen ersten Ultra zu trainieren. Augenzeugen hatten beobachtet, dass er sogar mit Hund und ohne Auto Richtung Umgehungsstra\u00dfe unterwegs war. Zwischendurch waren dann l\u00e4ngere L\u00e4ufe auf dem Plan. Zum Beispiel \u00fcber 5 Stunden lange L\u00e4ufe mit mehrfachen Auf- und Abstieg zum &hellip; <a href=\"https:\/\/laufseggenelauf.de\/?p=97\" class=\"more-link\"><span class=\"screen-reader-text\">Erster Ultra f\u00fcr R\u00fcdiger, Rennsteig Supermarathon mit 73.5 km<\/span> weiterlesen <span class=\"meta-nav\">&rarr;<\/span><\/a><\/p>\n","protected":false},"author":2,"featured_media":0,"comment_status":"open","ping_status":"open","sticky":false,"template":"","format":"standard","meta":{"footnotes":""},"categories":[3,2],"tags":[],"class_list":["post-97","post","type-post","status-publish","format-standard","hentry","category-ultra","category-wettkampfergebnisse"],"_links":{"self":[{"href":"https:\/\/laufseggenelauf.de\/index.php?rest_route=\/wp\/v2\/posts\/97","targetHints":{"allow":["GET"]}}],"collection":[{"href":"https:\/\/laufseggenelauf.de\/index.php?rest_route=\/wp\/v2\/posts"}],"about":[{"href":"https:\/\/laufseggenelauf.de\/index.php?rest_route=\/wp\/v2\/types\/post"}],"author":[{"embeddable":true,"href":"https:\/\/laufseggenelauf.de\/index.php?rest_route=\/wp\/v2\/users\/2"}],"replies":[{"embeddable":true,"href":"https:\/\/laufseggenelauf.de\/index.php?rest_route=%2Fwp%2Fv2%2Fcomments&post=97"}],"version-history":[{"count":10,"href":"https:\/\/laufseggenelauf.de\/index.php?rest_route=\/wp\/v2\/posts\/97\/revisions"}],"predecessor-version":[{"id":2068,"href":"https:\/\/laufseggenelauf.de\/index.php?rest_route=\/wp\/v2\/posts\/97\/revisions\/2068"}],"wp:attachment":[{"href":"https:\/\/laufseggenelauf.de\/index.php?rest_route=%2Fwp%2Fv2%2Fmedia&parent=97"}],"wp:term":[{"taxonomy":"category","embeddable":true,"href":"https:\/\/laufseggenelauf.de\/index.php?rest_route=%2Fwp%2Fv2%2Fcategories&post=97"},{"taxonomy":"post_tag","embeddable":true,"href":"https:\/\/laufseggenelauf.de\/index.php?rest_route=%2Fwp%2Fv2%2Ftags&post=97"}],"curies":[{"name":"wp","href":"https:\/\/api.w.org\/{rel}","templated":true}]}}