{"id":904,"date":"2018-07-07T15:27:24","date_gmt":"2018-07-07T15:27:24","guid":{"rendered":"http:\/\/laufseggenelauf.de\/?p=904"},"modified":"2018-07-07T16:24:22","modified_gmt":"2018-07-07T16:24:22","slug":"sommerlauf-in-edingen","status":"publish","type":"post","link":"https:\/\/laufseggenelauf.de\/?p=904","title":{"rendered":"Sommerlauf in Edingen"},"content":{"rendered":"<p>Auch mal sch\u00f6n, ein Lauf in der N\u00e4he &#8230; so konnten wir gemeinsam mit dem Fahrrad nach Edingen radeln.<br \/>\nIm Angebot waren heute: 10 km Hauptlauf, 3,6 km Einsteigerlauf, 7,5 km Nordic-\/Walking, 1,5 km Sch\u00fclerlauf und 0,8 km Bambinilauf.<br \/>\nSabine entschied sich f\u00fcr Nordic-\/Walking und wollte unter einer Stunde das Ziel erreichen. Alle anderen starteten beim 10 km-Lauf. Tobias war besonders aufgeregt, er hatte seit 3 Wochen f\u00fcr diesen Lauf trainiert und kannte die Strecke in- und auswendig.<br \/>\n<figure id=\"attachment_906\" aria-describedby=\"caption-attachment-906\" style=\"width: 4032px\" class=\"wp-caption aligncenter\"><img loading=\"lazy\" decoding=\"async\" src=\"https:\/\/laufseggenelauf.de\/wp-content\/uploads\/2018\/07\/20180707_093543-e1530980625800.jpg\" alt=\"\" width=\"4032\" height=\"3024\" class=\"size-full wp-image-906\" srcset=\"https:\/\/laufseggenelauf.de\/wp-content\/uploads\/2018\/07\/20180707_093543-e1530980625800.jpg 4032w, https:\/\/laufseggenelauf.de\/wp-content\/uploads\/2018\/07\/20180707_093543-e1530980625800-600x450.jpg 600w, https:\/\/laufseggenelauf.de\/wp-content\/uploads\/2018\/07\/20180707_093543-e1530980625800-768x576.jpg 768w, https:\/\/laufseggenelauf.de\/wp-content\/uploads\/2018\/07\/20180707_093543-e1530980625800-1920x1440.jpg 1920w\" sizes=\"auto, (max-width: 4032px) 100vw, 4032px\" \/><figcaption id=\"caption-attachment-906\" class=\"wp-caption-text\">Alle startklar &#8230;<\/figcaption><\/figure><br \/>\n10 Uhr starteten die 10 km-L\u00e4ufer, kurz danach gingen die Nordic Walker auf die Strecke. Die L\u00e4ufer hatten 3 Runden zu bew\u00e4ltigen.<br \/>\nF\u00fcr Tobias hatte sich das Training gelohnt, er erreichte als erster L\u00e4ufer von LaufSeggeneLauf das Ziel.<\/p>\n<p><strong>10 km:<\/strong><br \/>\nTobias Schneider M30 45:54<br \/>\nKatrin Fleischer M50 48:36 2. Platz AK<br \/>\nMajken Pl\u00fcgge Hk 51:08 2. Platz Ak<br \/>\nR\u00fcdiger Lapsit M50 56:40<br \/>\nRoland Seubert M50 59:07<br \/>\nHans Bentzinger M50 59:12<br \/>\n<strong>Nordic Walking:<\/strong><br \/>\nSabine Schneider 57:24 3. Platz Frauen<br \/>\n<img loading=\"lazy\" decoding=\"async\" src=\"https:\/\/laufseggenelauf.de\/wp-content\/uploads\/2018\/07\/P1000633.jpg\" alt=\"\" width=\"4112\" height=\"3088\" class=\"aligncenter size-full wp-image-910\" srcset=\"https:\/\/laufseggenelauf.de\/wp-content\/uploads\/2018\/07\/P1000633.jpg 4112w, https:\/\/laufseggenelauf.de\/wp-content\/uploads\/2018\/07\/P1000633-600x451.jpg 600w, https:\/\/laufseggenelauf.de\/wp-content\/uploads\/2018\/07\/P1000633-768x577.jpg 768w, https:\/\/laufseggenelauf.de\/wp-content\/uploads\/2018\/07\/P1000633-1920x1442.jpg 1920w\" sizes=\"auto, (max-width: 4112px) 100vw, 4112px\" \/><\/p>\n<p><img loading=\"lazy\" decoding=\"async\" src=\"https:\/\/laufseggenelauf.de\/wp-content\/uploads\/2018\/07\/20180707_120600.jpg\" alt=\"\" width=\"4032\" height=\"3024\" class=\"aligncenter size-full wp-image-909\" srcset=\"https:\/\/laufseggenelauf.de\/wp-content\/uploads\/2018\/07\/20180707_120600.jpg 4032w, https:\/\/laufseggenelauf.de\/wp-content\/uploads\/2018\/07\/20180707_120600-600x450.jpg 600w, https:\/\/laufseggenelauf.de\/wp-content\/uploads\/2018\/07\/20180707_120600-768x576.jpg 768w, https:\/\/laufseggenelauf.de\/wp-content\/uploads\/2018\/07\/20180707_120600-1920x1440.jpg 1920w\" sizes=\"auto, (max-width: 4032px) 100vw, 4032px\" \/><\/p>\n<p><img loading=\"lazy\" decoding=\"async\" src=\"https:\/\/laufseggenelauf.de\/wp-content\/uploads\/2018\/07\/WhatsApp-Image-2018-07-07-at-12.00.39.jpeg\" alt=\"\" width=\"1200\" height=\"1599\" class=\"aligncenter size-full wp-image-908\" srcset=\"https:\/\/laufseggenelauf.de\/wp-content\/uploads\/2018\/07\/WhatsApp-Image-2018-07-07-at-12.00.39.jpeg 1200w, https:\/\/laufseggenelauf.de\/wp-content\/uploads\/2018\/07\/WhatsApp-Image-2018-07-07-at-12.00.39-450x600.jpeg 450w, https:\/\/laufseggenelauf.de\/wp-content\/uploads\/2018\/07\/WhatsApp-Image-2018-07-07-at-12.00.39-768x1023.jpeg 768w\" sizes=\"auto, (max-width: 1200px) 100vw, 1200px\" \/><figure id=\"attachment_907\" aria-describedby=\"caption-attachment-907\" style=\"width: 4032px\" class=\"wp-caption aligncenter\"><img loading=\"lazy\" decoding=\"async\" src=\"https:\/\/laufseggenelauf.de\/wp-content\/uploads\/2018\/07\/20180707_105512.jpg\" alt=\"\" width=\"4032\" height=\"3024\" class=\"size-full wp-image-907\" srcset=\"https:\/\/laufseggenelauf.de\/wp-content\/uploads\/2018\/07\/20180707_105512.jpg 4032w, https:\/\/laufseggenelauf.de\/wp-content\/uploads\/2018\/07\/20180707_105512-600x450.jpg 600w, https:\/\/laufseggenelauf.de\/wp-content\/uploads\/2018\/07\/20180707_105512-768x576.jpg 768w, https:\/\/laufseggenelauf.de\/wp-content\/uploads\/2018\/07\/20180707_105512-1920x1440.jpg 1920w\" sizes=\"auto, (max-width: 4032px) 100vw, 4032px\" \/><figcaption id=\"caption-attachment-907\" class=\"wp-caption-text\">Nachwuchsl\u00e4ufer f\u00fcr den Lauftreff sind schon unterwegs &#8230;<\/figcaption><\/figure><\/p>\n","protected":false},"excerpt":{"rendered":"<p>Auch mal sch\u00f6n, ein Lauf in der N\u00e4he &#8230; so konnten wir gemeinsam mit dem Fahrrad nach Edingen radeln. Im Angebot waren heute: 10 km Hauptlauf, 3,6 km Einsteigerlauf, 7,5 km Nordic-\/Walking, 1,5 km Sch\u00fclerlauf und 0,8 km Bambinilauf. Sabine entschied sich f\u00fcr Nordic-\/Walking und wollte unter einer Stunde das Ziel erreichen. Alle anderen starteten &hellip; <a href=\"https:\/\/laufseggenelauf.de\/?p=904\" class=\"more-link\"><span class=\"screen-reader-text\">Sommerlauf in Edingen<\/span> weiterlesen <span class=\"meta-nav\">&rarr;<\/span><\/a><\/p>\n","protected":false},"author":1,"featured_media":0,"comment_status":"open","ping_status":"open","sticky":false,"template":"","format":"standard","meta":{"footnotes":""},"categories":[16,17,5],"tags":[18],"class_list":["post-904","post","type-post","status-publish","format-standard","hentry","category-10-km","category-nordic-walking","category-wettkampf","tag-10-km-wettkampf"],"_links":{"self":[{"href":"https:\/\/laufseggenelauf.de\/index.php?rest_route=\/wp\/v2\/posts\/904","targetHints":{"allow":["GET"]}}],"collection":[{"href":"https:\/\/laufseggenelauf.de\/index.php?rest_route=\/wp\/v2\/posts"}],"about":[{"href":"https:\/\/laufseggenelauf.de\/index.php?rest_route=\/wp\/v2\/types\/post"}],"author":[{"embeddable":true,"href":"https:\/\/laufseggenelauf.de\/index.php?rest_route=\/wp\/v2\/users\/1"}],"replies":[{"embeddable":true,"href":"https:\/\/laufseggenelauf.de\/index.php?rest_route=%2Fwp%2Fv2%2Fcomments&post=904"}],"version-history":[{"count":6,"href":"https:\/\/laufseggenelauf.de\/index.php?rest_route=\/wp\/v2\/posts\/904\/revisions"}],"predecessor-version":[{"id":916,"href":"https:\/\/laufseggenelauf.de\/index.php?rest_route=\/wp\/v2\/posts\/904\/revisions\/916"}],"wp:attachment":[{"href":"https:\/\/laufseggenelauf.de\/index.php?rest_route=%2Fwp%2Fv2%2Fmedia&parent=904"}],"wp:term":[{"taxonomy":"category","embeddable":true,"href":"https:\/\/laufseggenelauf.de\/index.php?rest_route=%2Fwp%2Fv2%2Fcategories&post=904"},{"taxonomy":"post_tag","embeddable":true,"href":"https:\/\/laufseggenelauf.de\/index.php?rest_route=%2Fwp%2Fv2%2Ftags&post=904"}],"curies":[{"name":"wp","href":"https:\/\/api.w.org\/{rel}","templated":true}]}}