{"id":775,"date":"2018-05-13T09:40:17","date_gmt":"2018-05-13T09:40:17","guid":{"rendered":"http:\/\/laufseggenelauf.de\/?p=775"},"modified":"2018-05-17T15:26:09","modified_gmt":"2018-05-17T15:26:09","slug":"15-srh-daemmermarathon-mannheim","status":"publish","type":"post","link":"https:\/\/laufseggenelauf.de\/?p=775","title":{"rendered":"15. SRH D\u00e4mmermarathon Mannheim"},"content":{"rendered":"<p><strong>Wir waren dabei! 21 Starter vom Lauftreff!<\/strong><br \/>\nNach 12 Wochen Vorbereitung auf den D\u00e4mmermarathon war es nun soweit. Mehr oder weniger aufgeregt trafen wir uns schon in der Stra\u00dfenbahn und dann zum Gruppenfoto am Lipsirad.<br \/>\nDas Wetter war wunderbar, nur nicht f\u00fcr einen Halbmarathon. Bei 26\u00b0C gingen wir an den Start. Wir wussten, dass es nicht leicht wird, freuten uns aber auf die Kilometer durch Seckenheim.<br \/>\nAm Stand unseres Vereins SV 98\/07 Seckenheim wurden wir mit Jubel und Laola-Welle empfangen. Die Unterst\u00fctzung war toll und gab allen noch einmal Kraft. Vielen Dank \ud83d\ude42<br \/>\nDer R\u00fcckweg wurde jedoch ziemlich hart. Die hohen Temperaturen blieben nicht ganz folgenlos. Der eine oder andere dachte sogar an Aufgeben, schaffte es aber dennoch ins Ziel.<br \/>\nKai musste leider wegen Wadenproblemen aussteigen.<\/p>\n<figure id=\"attachment_777\" aria-describedby=\"caption-attachment-777\" style=\"width: 3413px\" class=\"wp-caption aligncenter\"><img loading=\"lazy\" decoding=\"async\" class=\"size-full wp-image-777\" src=\"https:\/\/laufseggenelauf.de\/wp-content\/uploads\/2018\/05\/2018-05-12_GruppeBahn-1.jpg\" alt=\"\" width=\"3413\" height=\"2649\" srcset=\"https:\/\/laufseggenelauf.de\/wp-content\/uploads\/2018\/05\/2018-05-12_GruppeBahn-1.jpg 3413w, https:\/\/laufseggenelauf.de\/wp-content\/uploads\/2018\/05\/2018-05-12_GruppeBahn-1-600x466.jpg 600w, https:\/\/laufseggenelauf.de\/wp-content\/uploads\/2018\/05\/2018-05-12_GruppeBahn-1-768x596.jpg 768w, https:\/\/laufseggenelauf.de\/wp-content\/uploads\/2018\/05\/2018-05-12_GruppeBahn-1-1920x1490.jpg 1920w\" sizes=\"auto, (max-width: 3413px) 100vw, 3413px\" \/><figcaption id=\"caption-attachment-777\" class=\"wp-caption-text\">Treffen schon in der Bahn<\/figcaption><\/figure>\n<figure id=\"attachment_773\" aria-describedby=\"caption-attachment-773\" style=\"width: 2840px\" class=\"wp-caption aligncenter\"><img loading=\"lazy\" decoding=\"async\" class=\"size-full wp-image-773\" src=\"https:\/\/laufseggenelauf.de\/wp-content\/uploads\/2018\/05\/2018-05-12_Gruppenfoto.jpg\" alt=\"\" width=\"2840\" height=\"2613\" srcset=\"https:\/\/laufseggenelauf.de\/wp-content\/uploads\/2018\/05\/2018-05-12_Gruppenfoto.jpg 2840w, https:\/\/laufseggenelauf.de\/wp-content\/uploads\/2018\/05\/2018-05-12_Gruppenfoto-600x552.jpg 600w, https:\/\/laufseggenelauf.de\/wp-content\/uploads\/2018\/05\/2018-05-12_Gruppenfoto-768x707.jpg 768w, https:\/\/laufseggenelauf.de\/wp-content\/uploads\/2018\/05\/2018-05-12_Gruppenfoto-1920x1767.jpg 1920w\" sizes=\"auto, (max-width: 2840px) 100vw, 2840px\" \/><figcaption id=\"caption-attachment-773\" class=\"wp-caption-text\">Gruppenfoto vor dem Lauf<\/figcaption><\/figure>\n<figure id=\"attachment_774\" aria-describedby=\"caption-attachment-774\" style=\"width: 3024px\" class=\"wp-caption aligncenter\"><img loading=\"lazy\" decoding=\"async\" class=\"size-full wp-image-774\" src=\"https:\/\/laufseggenelauf.de\/wp-content\/uploads\/2018\/05\/2018-05-12-17.19.06-e1526204297825.jpg\" alt=\"\" width=\"3024\" height=\"4032\" srcset=\"https:\/\/laufseggenelauf.de\/wp-content\/uploads\/2018\/05\/2018-05-12-17.19.06-e1526204297825.jpg 3024w, https:\/\/laufseggenelauf.de\/wp-content\/uploads\/2018\/05\/2018-05-12-17.19.06-e1526204297825-450x600.jpg 450w, https:\/\/laufseggenelauf.de\/wp-content\/uploads\/2018\/05\/2018-05-12-17.19.06-e1526204297825-768x1024.jpg 768w, https:\/\/laufseggenelauf.de\/wp-content\/uploads\/2018\/05\/2018-05-12-17.19.06-e1526204297825-1440x1920.jpg 1440w\" sizes=\"auto, (max-width: 3024px) 100vw, 3024px\" \/><figcaption id=\"caption-attachment-774\" class=\"wp-caption-text\">Hans bei seinem 1. Halbmarathon<\/figcaption><\/figure>\n<p><figure id=\"attachment_787\" aria-describedby=\"caption-attachment-787\" style=\"width: 3024px\" class=\"wp-caption aligncenter\"><img loading=\"lazy\" decoding=\"async\" class=\"size-full wp-image-787\" src=\"https:\/\/laufseggenelauf.de\/wp-content\/uploads\/2018\/05\/20180512_213038-e1526503720469.jpg\" alt=\"\" width=\"3024\" height=\"4032\" srcset=\"https:\/\/laufseggenelauf.de\/wp-content\/uploads\/2018\/05\/20180512_213038-e1526503720469.jpg 3024w, https:\/\/laufseggenelauf.de\/wp-content\/uploads\/2018\/05\/20180512_213038-e1526503720469-450x600.jpg 450w, https:\/\/laufseggenelauf.de\/wp-content\/uploads\/2018\/05\/20180512_213038-e1526503720469-768x1024.jpg 768w, https:\/\/laufseggenelauf.de\/wp-content\/uploads\/2018\/05\/20180512_213038-e1526503720469-1440x1920.jpg 1440w\" sizes=\"auto, (max-width: 3024px) 100vw, 3024px\" \/><figcaption id=\"caption-attachment-787\" class=\"wp-caption-text\">F\u00fcr R\u00fcdiger ein Trainingslauf f\u00fcr den Supermarathon am Rennsteig<\/figcaption><\/figure><br \/>\n<img loading=\"lazy\" decoding=\"async\" src=\"https:\/\/laufseggenelauf.de\/wp-content\/uploads\/2018\/05\/20180512_Zielfoto.jpg\" alt=\"\" width=\"2768\" height=\"2648\" class=\"aligncenter size-full wp-image-796\" srcset=\"https:\/\/laufseggenelauf.de\/wp-content\/uploads\/2018\/05\/20180512_Zielfoto.jpg 2768w, https:\/\/laufseggenelauf.de\/wp-content\/uploads\/2018\/05\/20180512_Zielfoto-600x574.jpg 600w, https:\/\/laufseggenelauf.de\/wp-content\/uploads\/2018\/05\/20180512_Zielfoto-768x735.jpg 768w, https:\/\/laufseggenelauf.de\/wp-content\/uploads\/2018\/05\/20180512_Zielfoto-1920x1837.jpg 1920w\" sizes=\"auto, (max-width: 2768px) 100vw, 2768px\" \/><\/p>\n<figure id=\"attachment_788\" aria-describedby=\"caption-attachment-788\" style=\"width: 3024px\" class=\"wp-caption aligncenter\"><img loading=\"lazy\" decoding=\"async\" class=\"size-full wp-image-788\" src=\"https:\/\/laufseggenelauf.de\/wp-content\/uploads\/2018\/05\/20180512_214358-e1526503771116.jpg\" alt=\"\" width=\"3024\" height=\"4032\" srcset=\"https:\/\/laufseggenelauf.de\/wp-content\/uploads\/2018\/05\/20180512_214358-e1526503771116.jpg 3024w, https:\/\/laufseggenelauf.de\/wp-content\/uploads\/2018\/05\/20180512_214358-e1526503771116-450x600.jpg 450w, https:\/\/laufseggenelauf.de\/wp-content\/uploads\/2018\/05\/20180512_214358-e1526503771116-768x1024.jpg 768w, https:\/\/laufseggenelauf.de\/wp-content\/uploads\/2018\/05\/20180512_214358-e1526503771116-1440x1920.jpg 1440w\" sizes=\"auto, (max-width: 3024px) 100vw, 3024px\" \/><figcaption id=\"caption-attachment-788\" class=\"wp-caption-text\">Rolf und Andreas &#8211; unschlagbar als Laufteam<\/figcaption><\/figure>\n<figure id=\"attachment_790\" aria-describedby=\"caption-attachment-790\" style=\"width: 3024px\" class=\"wp-caption aligncenter\"><img loading=\"lazy\" decoding=\"async\" class=\"size-full wp-image-790\" src=\"https:\/\/laufseggenelauf.de\/wp-content\/uploads\/2018\/05\/20180512_214826-e1526503813294.jpg\" alt=\"\" width=\"3024\" height=\"4032\" srcset=\"https:\/\/laufseggenelauf.de\/wp-content\/uploads\/2018\/05\/20180512_214826-e1526503813294.jpg 3024w, https:\/\/laufseggenelauf.de\/wp-content\/uploads\/2018\/05\/20180512_214826-e1526503813294-450x600.jpg 450w, https:\/\/laufseggenelauf.de\/wp-content\/uploads\/2018\/05\/20180512_214826-e1526503813294-768x1024.jpg 768w, https:\/\/laufseggenelauf.de\/wp-content\/uploads\/2018\/05\/20180512_214826-e1526503813294-1440x1920.jpg 1440w\" sizes=\"auto, (max-width: 3024px) 100vw, 3024px\" \/><figcaption id=\"caption-attachment-790\" class=\"wp-caption-text\">Halbmarathonneulinge Tamara, Hans und Roland auch im ZIel \ud83d\ude42<\/figcaption><\/figure>\n<p><figure id=\"attachment_795\" aria-describedby=\"caption-attachment-795\" style=\"width: 2264px\" class=\"wp-caption aligncenter\"><img loading=\"lazy\" decoding=\"async\" class=\"size-full wp-image-795\" src=\"https:\/\/laufseggenelauf.de\/wp-content\/uploads\/2018\/05\/20180512_GesineHeikeHartmut.jpg\" alt=\"\" width=\"2264\" height=\"2948\" srcset=\"https:\/\/laufseggenelauf.de\/wp-content\/uploads\/2018\/05\/20180512_GesineHeikeHartmut.jpg 2264w, https:\/\/laufseggenelauf.de\/wp-content\/uploads\/2018\/05\/20180512_GesineHeikeHartmut-461x600.jpg 461w, https:\/\/laufseggenelauf.de\/wp-content\/uploads\/2018\/05\/20180512_GesineHeikeHartmut-768x1000.jpg 768w, https:\/\/laufseggenelauf.de\/wp-content\/uploads\/2018\/05\/20180512_GesineHeikeHartmut-1475x1920.jpg 1475w\" sizes=\"auto, (max-width: 2264px) 100vw, 2264px\" \/><figcaption id=\"caption-attachment-795\" class=\"wp-caption-text\">Hartmut (was macht der da?) mit Heike und Gesine gefinish<\/figcaption><\/figure><br \/>\n<figure id=\"attachment_804\" aria-describedby=\"caption-attachment-804\" style=\"width: 3024px\" class=\"wp-caption aligncenter\"><img loading=\"lazy\" decoding=\"async\" src=\"https:\/\/laufseggenelauf.de\/wp-content\/uploads\/2018\/05\/20180512_214850-e1526504489624.jpg\" alt=\"\" width=\"3024\" height=\"4032\" class=\"size-full wp-image-804\" srcset=\"https:\/\/laufseggenelauf.de\/wp-content\/uploads\/2018\/05\/20180512_214850-e1526504489624.jpg 3024w, https:\/\/laufseggenelauf.de\/wp-content\/uploads\/2018\/05\/20180512_214850-e1526504489624-450x600.jpg 450w, https:\/\/laufseggenelauf.de\/wp-content\/uploads\/2018\/05\/20180512_214850-e1526504489624-768x1024.jpg 768w, https:\/\/laufseggenelauf.de\/wp-content\/uploads\/2018\/05\/20180512_214850-e1526504489624-1440x1920.jpg 1440w\" sizes=\"auto, (max-width: 3024px) 100vw, 3024px\" \/><figcaption id=\"caption-attachment-804\" class=\"wp-caption-text\">Veronika &#8211; erst 2017 beim Lauftreff eingestiegen und hat nun ihren 1. HM geschafft!<\/figcaption><\/figure><br \/>\n<figure id=\"attachment_791\" aria-describedby=\"caption-attachment-791\" style=\"width: 3024px\" class=\"wp-caption aligncenter\"><img loading=\"lazy\" decoding=\"async\" src=\"https:\/\/laufseggenelauf.de\/wp-content\/uploads\/2018\/05\/20180512_215705-e1526504242145.jpg\" alt=\"\" width=\"3024\" height=\"4032\" class=\"size-full wp-image-791\" srcset=\"https:\/\/laufseggenelauf.de\/wp-content\/uploads\/2018\/05\/20180512_215705-e1526504242145.jpg 3024w, https:\/\/laufseggenelauf.de\/wp-content\/uploads\/2018\/05\/20180512_215705-e1526504242145-450x600.jpg 450w, https:\/\/laufseggenelauf.de\/wp-content\/uploads\/2018\/05\/20180512_215705-e1526504242145-768x1024.jpg 768w, https:\/\/laufseggenelauf.de\/wp-content\/uploads\/2018\/05\/20180512_215705-e1526504242145-1440x1920.jpg 1440w\" sizes=\"auto, (max-width: 3024px) 100vw, 3024px\" \/><figcaption id=\"caption-attachment-791\" class=\"wp-caption-text\">Es war schwer, aber Uschi ist im Ziel<\/figcaption><\/figure><br \/>\n<figure id=\"attachment_794\" aria-describedby=\"caption-attachment-794\" style=\"width: 3024px\" class=\"wp-caption aligncenter\"><img loading=\"lazy\" decoding=\"async\" src=\"https:\/\/laufseggenelauf.de\/wp-content\/uploads\/2018\/05\/20180512_221240-e1526504317684.jpg\" alt=\"\" width=\"3024\" height=\"4032\" class=\"size-full wp-image-794\" srcset=\"https:\/\/laufseggenelauf.de\/wp-content\/uploads\/2018\/05\/20180512_221240-e1526504317684.jpg 3024w, https:\/\/laufseggenelauf.de\/wp-content\/uploads\/2018\/05\/20180512_221240-e1526504317684-450x600.jpg 450w, https:\/\/laufseggenelauf.de\/wp-content\/uploads\/2018\/05\/20180512_221240-e1526504317684-768x1024.jpg 768w, https:\/\/laufseggenelauf.de\/wp-content\/uploads\/2018\/05\/20180512_221240-e1526504317684-1440x1920.jpg 1440w\" sizes=\"auto, (max-width: 3024px) 100vw, 3024px\" \/><figcaption id=\"caption-attachment-794\" class=\"wp-caption-text\">Auch Susanne hat bis ins Ziel gek\u00e4mpft<\/figcaption><\/figure><\/p>\n<p><strong>Ergebnisse<\/strong><br \/>\n<strong>Marathon:<\/strong><br \/>\nHajo M50 04:37:53<\/p>\n<p><strong>Halbmarathon:<\/strong><br \/>\nThomas M50 01:46:36<br \/>\nKatrin W50 01:47:39<br \/>\nInga Lena W25 01:51:18<br \/>\nAnja W35 01:59:32<br \/>\nJanine W35 02:05:10<br \/>\nGerhard M50 02:06:30<br \/>\nR\u00fcdiger M55 02:08:45<br \/>\nGesine W50 02:12:52<br \/>\nHeike W50 02:12:52<br \/>\nHartmut M55 02:11:54<br \/>\nRolf M65 02:23:05<br \/>\nAndreas M55 02:23:06<br \/>\nKati W50 02:24:17<br \/>\nSusanne W50 02:51:32<\/p>\n<p><strong>Unsere Halbmarathon-Neulinge:<\/strong><br \/>\nVeronika W25 02:28:15<br \/>\nTamara W40 02:32:38<br \/>\nHans M55 02:33:12<br \/>\nRoland M55 02:33:13<br \/>\nUschi W55 02:36:13<\/p>\n<p>&nbsp;<\/p>\n","protected":false},"excerpt":{"rendered":"<p>Wir waren dabei! 21 Starter vom Lauftreff! Nach 12 Wochen Vorbereitung auf den D\u00e4mmermarathon war es nun soweit. Mehr oder weniger aufgeregt trafen wir uns schon in der Stra\u00dfenbahn und dann zum Gruppenfoto am Lipsirad. Das Wetter war wunderbar, nur nicht f\u00fcr einen Halbmarathon. Bei 26\u00b0C gingen wir an den Start. Wir wussten, dass es &hellip; <a href=\"https:\/\/laufseggenelauf.de\/?p=775\" class=\"more-link\"><span class=\"screen-reader-text\">15. SRH D\u00e4mmermarathon Mannheim<\/span> weiterlesen <span class=\"meta-nav\">&rarr;<\/span><\/a><\/p>\n","protected":false},"author":1,"featured_media":0,"comment_status":"open","ping_status":"open","sticky":false,"template":"","format":"standard","meta":{"footnotes":""},"categories":[14,4],"tags":[15,12],"class_list":["post-775","post","type-post","status-publish","format-standard","hentry","category-halbmarathon","category-marathon","tag-halbmarathon","tag-marathon"],"_links":{"self":[{"href":"https:\/\/laufseggenelauf.de\/index.php?rest_route=\/wp\/v2\/posts\/775","targetHints":{"allow":["GET"]}}],"collection":[{"href":"https:\/\/laufseggenelauf.de\/index.php?rest_route=\/wp\/v2\/posts"}],"about":[{"href":"https:\/\/laufseggenelauf.de\/index.php?rest_route=\/wp\/v2\/types\/post"}],"author":[{"embeddable":true,"href":"https:\/\/laufseggenelauf.de\/index.php?rest_route=\/wp\/v2\/users\/1"}],"replies":[{"embeddable":true,"href":"https:\/\/laufseggenelauf.de\/index.php?rest_route=%2Fwp%2Fv2%2Fcomments&post=775"}],"version-history":[{"count":16,"href":"https:\/\/laufseggenelauf.de\/index.php?rest_route=\/wp\/v2\/posts\/775\/revisions"}],"predecessor-version":[{"id":806,"href":"https:\/\/laufseggenelauf.de\/index.php?rest_route=\/wp\/v2\/posts\/775\/revisions\/806"}],"wp:attachment":[{"href":"https:\/\/laufseggenelauf.de\/index.php?rest_route=%2Fwp%2Fv2%2Fmedia&parent=775"}],"wp:term":[{"taxonomy":"category","embeddable":true,"href":"https:\/\/laufseggenelauf.de\/index.php?rest_route=%2Fwp%2Fv2%2Fcategories&post=775"},{"taxonomy":"post_tag","embeddable":true,"href":"https:\/\/laufseggenelauf.de\/index.php?rest_route=%2Fwp%2Fv2%2Ftags&post=775"}],"curies":[{"name":"wp","href":"https:\/\/api.w.org\/{rel}","templated":true}]}}