{"id":2718,"date":"2025-09-12T14:09:25","date_gmt":"2025-09-12T14:09:25","guid":{"rendered":"https:\/\/laufseggenelauf.de\/?p=2718"},"modified":"2025-09-12T14:09:25","modified_gmt":"2025-09-12T14:09:25","slug":"jungfrau-marathon-vom-6-september-2025","status":"publish","type":"post","link":"https:\/\/laufseggenelauf.de\/?p=2718","title":{"rendered":"Jungfrau-Marathon vom 6. September 2025"},"content":{"rendered":"\n<p>Der Jungfrau-Marathon wird als einer der traumhaftesten Landschaftsmarathons der Welt beschrieben. Da mussten wir nat\u00fcrlich auch mal dabei sein. Ein Marathon mit 1.953 H\u00f6henmetern ist allerdings eine besondere Herausforderung, vor allem, wenn hier die hohen Berge zum Training fehlen. Die Monate davor passten wir so gut wie m\u00f6glich unsere Trainings- und Wettkampfl\u00e4ufe an. <br>Gerhard und ich hatten gro\u00dfen Respekt vor dieser Herausforderung und hofften, bis zum Ziel durchzuhalten. Laura hatte vor drei Jahren bereits diese Strecke gemeistert und wollte nun in unter 5 Stunden ankommen.<\/p>\n\n\n\n<p>Die Stimmung am Start in Interlaken war toll, das Wetter &#8211; k\u00fchl und sonnig &#8211; einfach perfekt und wir freuten uns auf die Strecke. Die ersten 10 km bis Wilderswil waren flach, bis km 25 war es dann schon welliger. Die Zeit verging wie im Fluge: anfangs eine Runde durch Interlaken, dann am Brienzersee entlang, die Berge in Blick, Wasserf\u00e4lle an den steilen H\u00e4ngen, f\u00fchrte die Strecke \u00fcber Zweil\u00fctschinen (15 km) und Lauterbrunnen (20 km). <\/p>\n\n\n\n<figure class=\"wp-block-image size-large\"><img loading=\"lazy\" decoding=\"async\" width=\"1440\" height=\"1920\" src=\"https:\/\/laufseggenelauf.de\/wp-content\/uploads\/2025\/09\/20250906_094009-1440x1920.jpg\" alt=\"\" class=\"wp-image-2721\" srcset=\"https:\/\/laufseggenelauf.de\/wp-content\/uploads\/2025\/09\/20250906_094009-1440x1920.jpg 1440w, https:\/\/laufseggenelauf.de\/wp-content\/uploads\/2025\/09\/20250906_094009-450x600.jpg 450w, https:\/\/laufseggenelauf.de\/wp-content\/uploads\/2025\/09\/20250906_094009-768x1024.jpg 768w, https:\/\/laufseggenelauf.de\/wp-content\/uploads\/2025\/09\/20250906_094009-1152x1536.jpg 1152w, https:\/\/laufseggenelauf.de\/wp-content\/uploads\/2025\/09\/20250906_094009-1536x2048.jpg 1536w, https:\/\/laufseggenelauf.de\/wp-content\/uploads\/2025\/09\/20250906_094009-scaled.jpg 1920w\" sizes=\"auto, (max-width: 1440px) 100vw, 1440px\" \/><\/figure>\n\n\n\n<p><br><\/p>\n\n\n\n<figure class=\"wp-block-image size-large\"><img loading=\"lazy\" decoding=\"async\" width=\"1440\" height=\"1920\" src=\"https:\/\/laufseggenelauf.de\/wp-content\/uploads\/2025\/09\/20250906_101858-1440x1920.jpg\" alt=\"\" class=\"wp-image-2722\" srcset=\"https:\/\/laufseggenelauf.de\/wp-content\/uploads\/2025\/09\/20250906_101858-1440x1920.jpg 1440w, https:\/\/laufseggenelauf.de\/wp-content\/uploads\/2025\/09\/20250906_101858-450x600.jpg 450w, https:\/\/laufseggenelauf.de\/wp-content\/uploads\/2025\/09\/20250906_101858-768x1024.jpg 768w, https:\/\/laufseggenelauf.de\/wp-content\/uploads\/2025\/09\/20250906_101858-1152x1536.jpg 1152w, https:\/\/laufseggenelauf.de\/wp-content\/uploads\/2025\/09\/20250906_101858-1536x2048.jpg 1536w, https:\/\/laufseggenelauf.de\/wp-content\/uploads\/2025\/09\/20250906_101858-scaled.jpg 1920w\" sizes=\"auto, (max-width: 1440px) 100vw, 1440px\" \/><\/figure>\n\n\n\n<p>Ab etwa 25 km wurde es ernst. Von ca. 800 m \u00fc.M. war ein Anstieg auf 2.320 m \u00fc.M. zu bew\u00e4ltigen.<\/p>\n\n\n\n<figure class=\"wp-block-image size-large\"><img loading=\"lazy\" decoding=\"async\" width=\"1920\" height=\"1440\" src=\"https:\/\/laufseggenelauf.de\/wp-content\/uploads\/2025\/09\/20250906_120709-1920x1440.jpg\" alt=\"\" class=\"wp-image-2723\" srcset=\"https:\/\/laufseggenelauf.de\/wp-content\/uploads\/2025\/09\/20250906_120709-1920x1440.jpg 1920w, https:\/\/laufseggenelauf.de\/wp-content\/uploads\/2025\/09\/20250906_120709-600x450.jpg 600w, https:\/\/laufseggenelauf.de\/wp-content\/uploads\/2025\/09\/20250906_120709-768x576.jpg 768w, https:\/\/laufseggenelauf.de\/wp-content\/uploads\/2025\/09\/20250906_120709-1536x1152.jpg 1536w, https:\/\/laufseggenelauf.de\/wp-content\/uploads\/2025\/09\/20250906_120709-2048x1536.jpg 2048w\" sizes=\"auto, (max-width: 1920px) 100vw, 1920px\" \/><\/figure>\n\n\n\n<p>Zun\u00e4chst liefen wir in einem anspruchsvollen Zickzack nach oben in Richtung Wengen (30,7 km). Um im Rennen zu bleiben, musste man nach sp\u00e4testens 4:25 h hier ankommen. Auch danach blieb die Strecke herausfordernd. Immer weiter bergauf, mal mehr mal weniger steil. In Wixi bei 1.855 m \u00fc.M. nach ca. 38 km gab es das n\u00e4chste Zeitlimit (unter 5:50 h). Nach einer kurzen &#8222;Erholung&#8220; vom bisherigen Anstieg verliefen die letzten Kilometer steil in Richtung Ziel mit einem kr\u00e4ftigen Schlussanstieg auf dem roten Teppich. Man kann sich nicht vorstellen, wie lang 4 km sein k\u00f6nnen. Auf dem steinigen steilen Single Trail qu\u00e4lten sich die L\u00e4ufer in einer langen Schlange nach oben. Trotz zunehmender Schmerzen in den Beinen konnte man mit Blick auf die verschneiten Berge noch l\u00e4cheln. Der Ausblick war einfach unbeschreiblich und gab immer wieder neue Energie. Motivation gab es auch von vielen begeisterten Zuschauern. Alphornspieler, Fahnenschwinger, Alpenglockenspieler und kurz vor dem Ziel noch ein Dudelsackspieler sorgten zus\u00e4tzlich f\u00fcr Abwechslung und eine besondere alpine Stimmung.<\/p>\n\n\n\n<figure class=\"wp-block-image size-large\"><img loading=\"lazy\" decoding=\"async\" width=\"1920\" height=\"1440\" src=\"https:\/\/laufseggenelauf.de\/wp-content\/uploads\/2025\/09\/20250906_132457-1920x1440.jpg\" alt=\"\" class=\"wp-image-2724\" srcset=\"https:\/\/laufseggenelauf.de\/wp-content\/uploads\/2025\/09\/20250906_132457-1920x1440.jpg 1920w, https:\/\/laufseggenelauf.de\/wp-content\/uploads\/2025\/09\/20250906_132457-600x450.jpg 600w, https:\/\/laufseggenelauf.de\/wp-content\/uploads\/2025\/09\/20250906_132457-768x576.jpg 768w, https:\/\/laufseggenelauf.de\/wp-content\/uploads\/2025\/09\/20250906_132457-1536x1152.jpg 1536w, https:\/\/laufseggenelauf.de\/wp-content\/uploads\/2025\/09\/20250906_132457-2048x1536.jpg 2048w\" sizes=\"auto, (max-width: 1920px) 100vw, 1920px\" \/><\/figure>\n\n\n\n<figure class=\"wp-block-image size-large\"><img loading=\"lazy\" decoding=\"async\" width=\"1891\" height=\"1920\" src=\"https:\/\/laufseggenelauf.de\/wp-content\/uploads\/2025\/09\/20250906_141628_01-1891x1920.jpg\" alt=\"\" class=\"wp-image-2727\" srcset=\"https:\/\/laufseggenelauf.de\/wp-content\/uploads\/2025\/09\/20250906_141628_01-1891x1920.jpg 1891w, https:\/\/laufseggenelauf.de\/wp-content\/uploads\/2025\/09\/20250906_141628_01-591x600.jpg 591w, https:\/\/laufseggenelauf.de\/wp-content\/uploads\/2025\/09\/20250906_141628_01-768x780.jpg 768w, https:\/\/laufseggenelauf.de\/wp-content\/uploads\/2025\/09\/20250906_141628_01-1513x1536.jpg 1513w, https:\/\/laufseggenelauf.de\/wp-content\/uploads\/2025\/09\/20250906_141628_01-2017x2048.jpg 2017w\" sizes=\"auto, (max-width: 1891px) 100vw, 1891px\" \/><\/figure>\n\n\n\n<p><br>Am Zieleinlauf wurden wir schon von Laura erwartet, die ihren Traum, unter 5 h zu laufen, erf\u00fcllen konnte. Wir dagegen schleppten uns nur noch die letzten Meter bis zum Zielbogen.<\/p>\n\n\n\n<figure class=\"wp-block-image size-large\"><img loading=\"lazy\" decoding=\"async\" width=\"1920\" height=\"1681\" src=\"https:\/\/laufseggenelauf.de\/wp-content\/uploads\/2025\/09\/20250906_145950_1-1920x1681.jpg\" alt=\"\" class=\"wp-image-2728\" srcset=\"https:\/\/laufseggenelauf.de\/wp-content\/uploads\/2025\/09\/20250906_145950_1-1920x1681.jpg 1920w, https:\/\/laufseggenelauf.de\/wp-content\/uploads\/2025\/09\/20250906_145950_1-600x525.jpg 600w, https:\/\/laufseggenelauf.de\/wp-content\/uploads\/2025\/09\/20250906_145950_1-768x672.jpg 768w, https:\/\/laufseggenelauf.de\/wp-content\/uploads\/2025\/09\/20250906_145950_1-1536x1345.jpg 1536w, https:\/\/laufseggenelauf.de\/wp-content\/uploads\/2025\/09\/20250906_145950_1-2048x1793.jpg 2048w\" sizes=\"auto, (max-width: 1920px) 100vw, 1920px\" \/><\/figure>\n\n\n\n<p><br>Belohnt wurden wir dann mit einem Finisher-Shirt, das es tats\u00e4chlich nur f\u00fcr Finisher gab, Medaille und einem Linzer-T\u00f6rtchen.<br>Insgesamt erreichten 3.452 L\u00e4ufer das Ziel, davon 863 Frauen.<br>Unsere Zeiten:<br>Laura unglaubliche 04:42:26 h und damit Platz 513 insgesamt!<br>Gerhard 06:37:12 h und Katrin 06:28:55 h<br>Ein Lob gilt der perfekten Organisation und den vielen immer freundlichen Helfern.<\/p>\n\n\n\n<figure class=\"wp-block-image size-large is-style-default\"><img loading=\"lazy\" decoding=\"async\" width=\"1920\" height=\"1440\" src=\"https:\/\/laufseggenelauf.de\/wp-content\/uploads\/2025\/09\/IMG-20250906-WA0016-1920x1440.jpg\" alt=\"\" class=\"wp-image-2717\" srcset=\"https:\/\/laufseggenelauf.de\/wp-content\/uploads\/2025\/09\/IMG-20250906-WA0016-1920x1440.jpg 1920w, https:\/\/laufseggenelauf.de\/wp-content\/uploads\/2025\/09\/IMG-20250906-WA0016-600x450.jpg 600w, https:\/\/laufseggenelauf.de\/wp-content\/uploads\/2025\/09\/IMG-20250906-WA0016-768x576.jpg 768w, https:\/\/laufseggenelauf.de\/wp-content\/uploads\/2025\/09\/IMG-20250906-WA0016-1536x1152.jpg 1536w, https:\/\/laufseggenelauf.de\/wp-content\/uploads\/2025\/09\/IMG-20250906-WA0016.jpg 2000w\" sizes=\"auto, (max-width: 1920px) 100vw, 1920px\" \/><\/figure>\n","protected":false},"excerpt":{"rendered":"<p>Der Jungfrau-Marathon wird als einer der traumhaftesten Landschaftsmarathons der Welt beschrieben. Da mussten wir nat\u00fcrlich auch mal dabei sein. Ein Marathon mit 1.953 H\u00f6henmetern ist allerdings eine besondere Herausforderung, vor allem, wenn hier die hohen Berge zum Training fehlen. Die Monate davor passten wir so gut wie m\u00f6glich unsere Trainings- und Wettkampfl\u00e4ufe an. Gerhard und &hellip; <a href=\"https:\/\/laufseggenelauf.de\/?p=2718\" class=\"more-link\"><span class=\"screen-reader-text\">Jungfrau-Marathon vom 6. September 2025<\/span> weiterlesen <span class=\"meta-nav\">&rarr;<\/span><\/a><\/p>\n","protected":false},"author":1,"featured_media":0,"comment_status":"open","ping_status":"open","sticky":false,"template":"","format":"standard","meta":{"footnotes":""},"categories":[6,4,10,5],"tags":[72],"class_list":["post-2718","post","type-post","status-publish","format-standard","hentry","category-berglauf","category-marathon","category-trail","category-wettkampf","tag-marathon-mit-hoehenmetern"],"_links":{"self":[{"href":"https:\/\/laufseggenelauf.de\/index.php?rest_route=\/wp\/v2\/posts\/2718","targetHints":{"allow":["GET"]}}],"collection":[{"href":"https:\/\/laufseggenelauf.de\/index.php?rest_route=\/wp\/v2\/posts"}],"about":[{"href":"https:\/\/laufseggenelauf.de\/index.php?rest_route=\/wp\/v2\/types\/post"}],"author":[{"embeddable":true,"href":"https:\/\/laufseggenelauf.de\/index.php?rest_route=\/wp\/v2\/users\/1"}],"replies":[{"embeddable":true,"href":"https:\/\/laufseggenelauf.de\/index.php?rest_route=%2Fwp%2Fv2%2Fcomments&post=2718"}],"version-history":[{"count":4,"href":"https:\/\/laufseggenelauf.de\/index.php?rest_route=\/wp\/v2\/posts\/2718\/revisions"}],"predecessor-version":[{"id":2730,"href":"https:\/\/laufseggenelauf.de\/index.php?rest_route=\/wp\/v2\/posts\/2718\/revisions\/2730"}],"wp:attachment":[{"href":"https:\/\/laufseggenelauf.de\/index.php?rest_route=%2Fwp%2Fv2%2Fmedia&parent=2718"}],"wp:term":[{"taxonomy":"category","embeddable":true,"href":"https:\/\/laufseggenelauf.de\/index.php?rest_route=%2Fwp%2Fv2%2Fcategories&post=2718"},{"taxonomy":"post_tag","embeddable":true,"href":"https:\/\/laufseggenelauf.de\/index.php?rest_route=%2Fwp%2Fv2%2Ftags&post=2718"}],"curies":[{"name":"wp","href":"https:\/\/api.w.org\/{rel}","templated":true}]}}