{"id":2651,"date":"2024-09-08T15:40:00","date_gmt":"2024-09-08T15:40:00","guid":{"rendered":"https:\/\/laufseggenelauf.de\/?p=2651"},"modified":"2024-09-17T15:49:16","modified_gmt":"2024-09-17T15:49:16","slug":"sommerlaeufe","status":"publish","type":"post","link":"https:\/\/laufseggenelauf.de\/?p=2651","title":{"rendered":"Sommerl\u00e4ufe"},"content":{"rendered":"\n<p>07. Juli 2024: Hajo beim Esslinger Zeitungslauf<\/p>\n\n\n\n<figure class=\"wp-block-image size-large is-resized\"><img loading=\"lazy\" decoding=\"async\" width=\"1920\" height=\"1440\" src=\"https:\/\/laufseggenelauf.de\/wp-content\/uploads\/2024\/09\/WhatsApp-Image-2024-07-07-at-15.30.18-1920x1440.jpeg\" alt=\"\" class=\"wp-image-2650\" style=\"width:533px;height:auto\" srcset=\"https:\/\/laufseggenelauf.de\/wp-content\/uploads\/2024\/09\/WhatsApp-Image-2024-07-07-at-15.30.18-1920x1440.jpeg 1920w, https:\/\/laufseggenelauf.de\/wp-content\/uploads\/2024\/09\/WhatsApp-Image-2024-07-07-at-15.30.18-600x450.jpeg 600w, https:\/\/laufseggenelauf.de\/wp-content\/uploads\/2024\/09\/WhatsApp-Image-2024-07-07-at-15.30.18-768x576.jpeg 768w, https:\/\/laufseggenelauf.de\/wp-content\/uploads\/2024\/09\/WhatsApp-Image-2024-07-07-at-15.30.18-1536x1152.jpeg 1536w, https:\/\/laufseggenelauf.de\/wp-content\/uploads\/2024\/09\/WhatsApp-Image-2024-07-07-at-15.30.18-2048x1536.jpeg 2048w\" sizes=\"auto, (max-width: 1920px) 100vw, 1920px\" \/><figcaption class=\"wp-element-caption\">Hajo mit Sohn Daniel am Start<\/figcaption><\/figure>\n\n\n\n<p>14. Juli 2024: R\u00fcdiger und Ren\u00e9 beim Strahlenburgtrail<\/p>\n\n\n\n<figure class=\"wp-block-image size-full is-resized\"><img loading=\"lazy\" decoding=\"async\" width=\"1600\" height=\"1200\" src=\"https:\/\/laufseggenelauf.de\/wp-content\/uploads\/2024\/07\/2024-07-14_Strahlburgtrail.jpeg\" alt=\"\" class=\"wp-image-2638\" style=\"width:543px;height:auto\" srcset=\"https:\/\/laufseggenelauf.de\/wp-content\/uploads\/2024\/07\/2024-07-14_Strahlburgtrail.jpeg 1600w, https:\/\/laufseggenelauf.de\/wp-content\/uploads\/2024\/07\/2024-07-14_Strahlburgtrail-600x450.jpeg 600w, https:\/\/laufseggenelauf.de\/wp-content\/uploads\/2024\/07\/2024-07-14_Strahlburgtrail-768x576.jpeg 768w, https:\/\/laufseggenelauf.de\/wp-content\/uploads\/2024\/07\/2024-07-14_Strahlburgtrail-1536x1152.jpeg 1536w\" sizes=\"auto, (max-width: 1600px) 100vw, 1600px\" \/><figcaption class=\"wp-element-caption\">R\u00fcdiger und Ren\u00e9 am Start beim Strahlenburg-Trail<\/figcaption><\/figure>\n\n\n\n<p>01. September 2024: Rheinau Stra\u00dfenlauf, leider noch viel zu warm, am Start:<\/p>\n\n\n\n<figure class=\"wp-block-image size-large is-resized\"><img loading=\"lazy\" decoding=\"async\" width=\"1920\" height=\"1440\" src=\"https:\/\/laufseggenelauf.de\/wp-content\/uploads\/2024\/09\/WhatsApp-Image-2024-09-01-at-09.00.26-1920x1440.jpeg\" alt=\"\" class=\"wp-image-2647\" style=\"width:571px;height:auto\" srcset=\"https:\/\/laufseggenelauf.de\/wp-content\/uploads\/2024\/09\/WhatsApp-Image-2024-09-01-at-09.00.26-1920x1440.jpeg 1920w, https:\/\/laufseggenelauf.de\/wp-content\/uploads\/2024\/09\/WhatsApp-Image-2024-09-01-at-09.00.26-600x450.jpeg 600w, https:\/\/laufseggenelauf.de\/wp-content\/uploads\/2024\/09\/WhatsApp-Image-2024-09-01-at-09.00.26-768x576.jpeg 768w, https:\/\/laufseggenelauf.de\/wp-content\/uploads\/2024\/09\/WhatsApp-Image-2024-09-01-at-09.00.26-1536x1152.jpeg 1536w, https:\/\/laufseggenelauf.de\/wp-content\/uploads\/2024\/09\/WhatsApp-Image-2024-09-01-at-09.00.26.jpeg 2000w\" sizes=\"auto, (max-width: 1920px) 100vw, 1920px\" \/><\/figure>\n\n\n\n<p>Am 07. September beim Mannheimer Frauenlauf dabei:<\/p>\n\n\n\n<figure class=\"wp-block-image size-full is-resized\"><img loading=\"lazy\" decoding=\"async\" width=\"1600\" height=\"1200\" src=\"https:\/\/laufseggenelauf.de\/wp-content\/uploads\/2024\/09\/WhatsApp-Image-2024-09-07-at-16.47.11.jpeg\" alt=\"\" class=\"wp-image-2648\" style=\"width:563px;height:auto\" srcset=\"https:\/\/laufseggenelauf.de\/wp-content\/uploads\/2024\/09\/WhatsApp-Image-2024-09-07-at-16.47.11.jpeg 1600w, https:\/\/laufseggenelauf.de\/wp-content\/uploads\/2024\/09\/WhatsApp-Image-2024-09-07-at-16.47.11-600x450.jpeg 600w, https:\/\/laufseggenelauf.de\/wp-content\/uploads\/2024\/09\/WhatsApp-Image-2024-09-07-at-16.47.11-768x576.jpeg 768w, https:\/\/laufseggenelauf.de\/wp-content\/uploads\/2024\/09\/WhatsApp-Image-2024-09-07-at-16.47.11-1536x1152.jpeg 1536w\" sizes=\"auto, (max-width: 1600px) 100vw, 1600px\" \/><figcaption class=\"wp-element-caption\">Freude auf den Start<\/figcaption><\/figure>\n\n\n\n<figure class=\"wp-block-image size-full is-resized\"><img loading=\"lazy\" decoding=\"async\" width=\"1600\" height=\"1200\" src=\"https:\/\/laufseggenelauf.de\/wp-content\/uploads\/2024\/09\/WhatsApp-Image-2024-09-07-at-18.22.33.jpeg\" alt=\"\" class=\"wp-image-2649\" style=\"width:579px;height:auto\" srcset=\"https:\/\/laufseggenelauf.de\/wp-content\/uploads\/2024\/09\/WhatsApp-Image-2024-09-07-at-18.22.33.jpeg 1600w, https:\/\/laufseggenelauf.de\/wp-content\/uploads\/2024\/09\/WhatsApp-Image-2024-09-07-at-18.22.33-600x450.jpeg 600w, https:\/\/laufseggenelauf.de\/wp-content\/uploads\/2024\/09\/WhatsApp-Image-2024-09-07-at-18.22.33-768x576.jpeg 768w, https:\/\/laufseggenelauf.de\/wp-content\/uploads\/2024\/09\/WhatsApp-Image-2024-09-07-at-18.22.33-1536x1152.jpeg 1536w\" sizes=\"auto, (max-width: 1600px) 100vw, 1600px\" \/><figcaption class=\"wp-element-caption\">Gl\u00fccklich im Ziel, Lauf bei 30\u00b0 war schon heftig<\/figcaption><\/figure>\n\n\n\n<p><\/p>\n","protected":false},"excerpt":{"rendered":"<p>07. Juli 2024: Hajo beim Esslinger Zeitungslauf 14. Juli 2024: R\u00fcdiger und Ren\u00e9 beim Strahlenburgtrail 01. September 2024: Rheinau Stra\u00dfenlauf, leider noch viel zu warm, am Start: Am 07. September beim Mannheimer Frauenlauf dabei:<\/p>\n","protected":false},"author":1,"featured_media":0,"comment_status":"open","ping_status":"open","sticky":false,"template":"","format":"standard","meta":{"footnotes":""},"categories":[23,5],"tags":[61],"class_list":["post-2651","post","type-post","status-publish","format-standard","hentry","category-frauenlauf","category-wettkampf","tag-frauenlauf"],"_links":{"self":[{"href":"https:\/\/laufseggenelauf.de\/index.php?rest_route=\/wp\/v2\/posts\/2651","targetHints":{"allow":["GET"]}}],"collection":[{"href":"https:\/\/laufseggenelauf.de\/index.php?rest_route=\/wp\/v2\/posts"}],"about":[{"href":"https:\/\/laufseggenelauf.de\/index.php?rest_route=\/wp\/v2\/types\/post"}],"author":[{"embeddable":true,"href":"https:\/\/laufseggenelauf.de\/index.php?rest_route=\/wp\/v2\/users\/1"}],"replies":[{"embeddable":true,"href":"https:\/\/laufseggenelauf.de\/index.php?rest_route=%2Fwp%2Fv2%2Fcomments&post=2651"}],"version-history":[{"count":1,"href":"https:\/\/laufseggenelauf.de\/index.php?rest_route=\/wp\/v2\/posts\/2651\/revisions"}],"predecessor-version":[{"id":2652,"href":"https:\/\/laufseggenelauf.de\/index.php?rest_route=\/wp\/v2\/posts\/2651\/revisions\/2652"}],"wp:attachment":[{"href":"https:\/\/laufseggenelauf.de\/index.php?rest_route=%2Fwp%2Fv2%2Fmedia&parent=2651"}],"wp:term":[{"taxonomy":"category","embeddable":true,"href":"https:\/\/laufseggenelauf.de\/index.php?rest_route=%2Fwp%2Fv2%2Fcategories&post=2651"},{"taxonomy":"post_tag","embeddable":true,"href":"https:\/\/laufseggenelauf.de\/index.php?rest_route=%2Fwp%2Fv2%2Ftags&post=2651"}],"curies":[{"name":"wp","href":"https:\/\/api.w.org\/{rel}","templated":true}]}}