{"id":2131,"date":"2020-11-04T17:17:05","date_gmt":"2020-11-04T17:17:05","guid":{"rendered":"http:\/\/laufseggenelauf.de\/?p=2131"},"modified":"2020-11-04T17:21:22","modified_gmt":"2020-11-04T17:21:22","slug":"veranstaltung-e2h10k","status":"publish","type":"post","link":"https:\/\/laufseggenelauf.de\/?p=2131","title":{"rendered":"Veranstaltung E2h10k ???"},"content":{"rendered":"\n<p>Holger hat sich nat\u00fcrlich wieder was Besonderes ausgesucht &#8211; einen Lauf, der E2h10k hei\u00dft. Da muss man erst mal nachfragen &#8230; Dieser Ultra \u00fcber 100 km mit Start in Calw-Altburg war gestaffelt. Aller 2 Stunden waren 10 km mit 320 hm\/Runde zu laufen.<\/p>\n\n\n\n<p>Der erste Start war 5:00 Uhr &#8211; wann muss man denn da aufstehen??<\/p>\n\n\n\n<figure class=\"wp-block-image size-large\"><img loading=\"lazy\" decoding=\"async\" width=\"1600\" height=\"1200\" src=\"https:\/\/laufseggenelauf.de\/wp-content\/uploads\/2020\/11\/WhatsApp-Image-2020-11-01-at-00.58.18.jpeg\" alt=\"\" class=\"wp-image-2137\" srcset=\"https:\/\/laufseggenelauf.de\/wp-content\/uploads\/2020\/11\/WhatsApp-Image-2020-11-01-at-00.58.18.jpeg 1600w, https:\/\/laufseggenelauf.de\/wp-content\/uploads\/2020\/11\/WhatsApp-Image-2020-11-01-at-00.58.18-600x450.jpeg 600w, https:\/\/laufseggenelauf.de\/wp-content\/uploads\/2020\/11\/WhatsApp-Image-2020-11-01-at-00.58.18-768x576.jpeg 768w, https:\/\/laufseggenelauf.de\/wp-content\/uploads\/2020\/11\/WhatsApp-Image-2020-11-01-at-00.58.18-1536x1152.jpeg 1536w\" sizes=\"auto, (max-width: 1600px) 100vw, 1600px\" \/><figcaption>So richtig munter sind die L\u00e4ufer aber hier noch nicht \ud83d\ude09<\/figcaption><\/figure>\n\n\n\n<p>Holger meldete sich im Lauftreff-Chat nach jeder Runde, so dass wir mitfiebern konnten. Leider hat er kein Foto von seinem Auto geschickt. \ud83d\ude09 Nach jeder Runde hat er sich umgezogen, um nicht abzuk\u00fchlen. So stapelten sich Runde f\u00fcr Runde durchschwitzte Laufklamotten im Auto.<\/p>\n\n\n\n<figure class=\"wp-block-image size-large\"><img loading=\"lazy\" decoding=\"async\" width=\"900\" height=\"1600\" src=\"https:\/\/laufseggenelauf.de\/wp-content\/uploads\/2020\/11\/WhatsApp-Image-2020-10-31-at-06.11.09.jpeg\" alt=\"\" class=\"wp-image-2133\" srcset=\"https:\/\/laufseggenelauf.de\/wp-content\/uploads\/2020\/11\/WhatsApp-Image-2020-10-31-at-06.11.09.jpeg 900w, https:\/\/laufseggenelauf.de\/wp-content\/uploads\/2020\/11\/WhatsApp-Image-2020-10-31-at-06.11.09-338x600.jpeg 338w, https:\/\/laufseggenelauf.de\/wp-content\/uploads\/2020\/11\/WhatsApp-Image-2020-10-31-at-06.11.09-768x1365.jpeg 768w, https:\/\/laufseggenelauf.de\/wp-content\/uploads\/2020\/11\/WhatsApp-Image-2020-10-31-at-06.11.09-864x1536.jpeg 864w\" sizes=\"auto, (max-width: 900px) 100vw, 900px\" \/><figcaption>m\u00fcde, kalt &#8230;<\/figcaption><\/figure>\n\n\n\n<figure class=\"wp-block-image size-large\"><img loading=\"lazy\" decoding=\"async\" width=\"1200\" height=\"1600\" src=\"https:\/\/laufseggenelauf.de\/wp-content\/uploads\/2020\/11\/WhatsApp-Image-2020-11-04-at-17.28.01.jpeg\" alt=\"\" class=\"wp-image-2135\" srcset=\"https:\/\/laufseggenelauf.de\/wp-content\/uploads\/2020\/11\/WhatsApp-Image-2020-11-04-at-17.28.01.jpeg 1200w, https:\/\/laufseggenelauf.de\/wp-content\/uploads\/2020\/11\/WhatsApp-Image-2020-11-04-at-17.28.01-450x600.jpeg 450w, https:\/\/laufseggenelauf.de\/wp-content\/uploads\/2020\/11\/WhatsApp-Image-2020-11-04-at-17.28.01-768x1024.jpeg 768w, https:\/\/laufseggenelauf.de\/wp-content\/uploads\/2020\/11\/WhatsApp-Image-2020-11-04-at-17.28.01-1152x1536.jpeg 1152w\" sizes=\"auto, (max-width: 1200px) 100vw, 1200px\" \/><figcaption>&#8230; und den Weg muss man sich dann mal im Dunkeln vorstellen &#8230;<\/figcaption><\/figure>\n\n\n\n<figure class=\"wp-block-image size-large\"><img loading=\"lazy\" decoding=\"async\" width=\"1200\" height=\"1600\" src=\"https:\/\/laufseggenelauf.de\/wp-content\/uploads\/2020\/11\/WhatsApp-Image-2020-11-04-at-17.28.42.jpeg\" alt=\"\" class=\"wp-image-2134\" srcset=\"https:\/\/laufseggenelauf.de\/wp-content\/uploads\/2020\/11\/WhatsApp-Image-2020-11-04-at-17.28.42.jpeg 1200w, https:\/\/laufseggenelauf.de\/wp-content\/uploads\/2020\/11\/WhatsApp-Image-2020-11-04-at-17.28.42-450x600.jpeg 450w, https:\/\/laufseggenelauf.de\/wp-content\/uploads\/2020\/11\/WhatsApp-Image-2020-11-04-at-17.28.42-768x1024.jpeg 768w, https:\/\/laufseggenelauf.de\/wp-content\/uploads\/2020\/11\/WhatsApp-Image-2020-11-04-at-17.28.42-1152x1536.jpeg 1152w\" sizes=\"auto, (max-width: 1200px) 100vw, 1200px\" \/><\/figure>\n\n\n\n<p>Runde f\u00fcr Runde, nach jeder Pause wieder motivieren &#8230; ganz so leicht war das nicht. Am Schlimmsten war dann die letzte Runde, Start 23:00 Uhr. Holger hatte vergessen, die Stirnlampe zu laden und wartete auf die folgenden L\u00e4ufer, um den Weg zu sehen &#8230; Und dann rebellierte noch der Magen &#8230;<br>Aber er hat durchgehalten!!<br><br>Von 20 Startern schafften es 9 bis zum bitteren Ende.<\/p>\n\n\n\n<p>Gespannt wartete Holger danach auf die Siegerehrung und hoffte auf den 4. Platz.<br>Aber \u00dcberraschung: 3. Platz in der Gesamtwertung mit 11 h 32 min.<br>Herzlichen Gl\u00fcckwunsch zu so einer Leistung.<\/p>\n\n\n\n<figure class=\"wp-block-image size-large\"><img loading=\"lazy\" decoding=\"async\" width=\"899\" height=\"1599\" src=\"https:\/\/laufseggenelauf.de\/wp-content\/uploads\/2020\/11\/WhatsApp-Image-2020-11-01-at-12.53.31.jpeg\" alt=\"\" class=\"wp-image-2136\" srcset=\"https:\/\/laufseggenelauf.de\/wp-content\/uploads\/2020\/11\/WhatsApp-Image-2020-11-01-at-12.53.31.jpeg 899w, https:\/\/laufseggenelauf.de\/wp-content\/uploads\/2020\/11\/WhatsApp-Image-2020-11-01-at-12.53.31-337x600.jpeg 337w, https:\/\/laufseggenelauf.de\/wp-content\/uploads\/2020\/11\/WhatsApp-Image-2020-11-01-at-12.53.31-768x1366.jpeg 768w, https:\/\/laufseggenelauf.de\/wp-content\/uploads\/2020\/11\/WhatsApp-Image-2020-11-01-at-12.53.31-864x1536.jpeg 864w\" sizes=\"auto, (max-width: 899px) 100vw, 899px\" \/><\/figure>\n\n\n\n<p><\/p>\n","protected":false},"excerpt":{"rendered":"<p>Holger hat sich nat\u00fcrlich wieder was Besonderes ausgesucht &#8211; einen Lauf, der E2h10k hei\u00dft. Da muss man erst mal nachfragen &#8230; Dieser Ultra \u00fcber 100 km mit Start in Calw-Altburg war gestaffelt. Aller 2 Stunden waren 10 km mit 320 hm\/Runde zu laufen. Der erste Start war 5:00 Uhr &#8211; wann muss man denn da &hellip; <a href=\"https:\/\/laufseggenelauf.de\/?p=2131\" class=\"more-link\"><span class=\"screen-reader-text\">Veranstaltung E2h10k ???<\/span> weiterlesen <span class=\"meta-nav\">&rarr;<\/span><\/a><\/p>\n","protected":false},"author":1,"featured_media":0,"comment_status":"open","ping_status":"open","sticky":false,"template":"","format":"standard","meta":{"footnotes":""},"categories":[10,3,5],"tags":[30,42],"class_list":["post-2131","post","type-post","status-publish","format-standard","hentry","category-trail","category-ultra","category-wettkampf","tag-trail","tag-ultra"],"_links":{"self":[{"href":"https:\/\/laufseggenelauf.de\/index.php?rest_route=\/wp\/v2\/posts\/2131","targetHints":{"allow":["GET"]}}],"collection":[{"href":"https:\/\/laufseggenelauf.de\/index.php?rest_route=\/wp\/v2\/posts"}],"about":[{"href":"https:\/\/laufseggenelauf.de\/index.php?rest_route=\/wp\/v2\/types\/post"}],"author":[{"embeddable":true,"href":"https:\/\/laufseggenelauf.de\/index.php?rest_route=\/wp\/v2\/users\/1"}],"replies":[{"embeddable":true,"href":"https:\/\/laufseggenelauf.de\/index.php?rest_route=%2Fwp%2Fv2%2Fcomments&post=2131"}],"version-history":[{"count":5,"href":"https:\/\/laufseggenelauf.de\/index.php?rest_route=\/wp\/v2\/posts\/2131\/revisions"}],"predecessor-version":[{"id":2141,"href":"https:\/\/laufseggenelauf.de\/index.php?rest_route=\/wp\/v2\/posts\/2131\/revisions\/2141"}],"wp:attachment":[{"href":"https:\/\/laufseggenelauf.de\/index.php?rest_route=%2Fwp%2Fv2%2Fmedia&parent=2131"}],"wp:term":[{"taxonomy":"category","embeddable":true,"href":"https:\/\/laufseggenelauf.de\/index.php?rest_route=%2Fwp%2Fv2%2Fcategories&post=2131"},{"taxonomy":"post_tag","embeddable":true,"href":"https:\/\/laufseggenelauf.de\/index.php?rest_route=%2Fwp%2Fv2%2Ftags&post=2131"}],"curies":[{"name":"wp","href":"https:\/\/api.w.org\/{rel}","templated":true}]}}