{"id":2044,"date":"2020-09-24T07:47:19","date_gmt":"2020-09-24T07:47:19","guid":{"rendered":"http:\/\/laufseggenelauf.de\/?p=2044"},"modified":"2020-09-24T07:47:19","modified_gmt":"2020-09-24T07:47:19","slug":"adventurewalk-pfaelzerwald-50-km","status":"publish","type":"post","link":"https:\/\/laufseggenelauf.de\/?p=2044","title":{"rendered":"AdventureWalk Pf\u00e4lzerwald 50 km"},"content":{"rendered":"\n<p>Rebecca nutzte ihren freien Samstag am 19. September f\u00fcr einen &#8222;kleinen&#8220; Spaziergang durch den Pf\u00e4lzerwald.<\/p>\n\n\n\n<figure class=\"wp-block-image size-large\"><img loading=\"lazy\" decoding=\"async\" width=\"1000\" height=\"782\" src=\"https:\/\/laufseggenelauf.de\/wp-content\/uploads\/2020\/09\/WhatsApp-Image-2020-09-19-at-08.00.19.jpeg\" alt=\"\" class=\"wp-image-2041\" srcset=\"https:\/\/laufseggenelauf.de\/wp-content\/uploads\/2020\/09\/WhatsApp-Image-2020-09-19-at-08.00.19.jpeg 1000w, https:\/\/laufseggenelauf.de\/wp-content\/uploads\/2020\/09\/WhatsApp-Image-2020-09-19-at-08.00.19-600x469.jpeg 600w, https:\/\/laufseggenelauf.de\/wp-content\/uploads\/2020\/09\/WhatsApp-Image-2020-09-19-at-08.00.19-768x601.jpeg 768w\" sizes=\"auto, (max-width: 1000px) 100vw, 1000px\" \/><\/figure>\n\n\n\n<figure class=\"wp-block-image size-large\"><img loading=\"lazy\" decoding=\"async\" width=\"347\" height=\"407\" src=\"https:\/\/laufseggenelauf.de\/wp-content\/uploads\/2020\/09\/WhatsApp-Image-2020-09-24-at-09.24.03.jpeg\" alt=\"\" class=\"wp-image-2043\"\/><\/figure>\n\n\n\n<p>Um 8 Uhr startete sie in Elmstein in der Pfalz zu einer Wanderung nach Speyer.<\/p>\n\n\n\n<p>Ihr Bericht:  Es war mega, wir sind auf dem Pf\u00e4lzischen Jakobsweg gelaufen. Bis Kilometer 39 war \u00fcberhaupt kein Problem. Danach war es nur noch durchhalten &#8230; bei Kilometer 41 musste eine Laufkollegin abbrechen. Der erste Zweifler kam auch dort &#8211; der Wald durfte sich kurz paar Zweifel anh\u00f6ren. Wir waren insgesamt zu viert und zwei Hunde. Ich hatte zwischendrin gemeint, ich mache das nie mehr &#8230; was soll ich sagen &#8230; ich will n\u00e4chstes Jahr wieder.<br>Mir ging es die Tage danach auch gut, hatte nur zwei mega gro\u00dfe Blasen an den F\u00fc\u00dfen.<\/p>\n\n\n\n<p>Das Ergebnis:<\/p>\n\n\n\n<figure class=\"wp-block-image size-large\"><img loading=\"lazy\" decoding=\"async\" width=\"735\" height=\"825\" src=\"https:\/\/laufseggenelauf.de\/wp-content\/uploads\/2020\/09\/WhatsApp-Image-2020-09-19-at-21.28.06.jpeg\" alt=\"\" class=\"wp-image-2040\" srcset=\"https:\/\/laufseggenelauf.de\/wp-content\/uploads\/2020\/09\/WhatsApp-Image-2020-09-19-at-21.28.06.jpeg 735w, https:\/\/laufseggenelauf.de\/wp-content\/uploads\/2020\/09\/WhatsApp-Image-2020-09-19-at-21.28.06-535x600.jpeg 535w\" sizes=\"auto, (max-width: 735px) 100vw, 735px\" \/><\/figure>\n\n\n\n<p>Fast 12 Stunden Wandern &#8211; Respekt, gut gemacht \ud83d\ude42<\/p>\n","protected":false},"excerpt":{"rendered":"<p>Rebecca nutzte ihren freien Samstag am 19. September f\u00fcr einen &#8222;kleinen&#8220; Spaziergang durch den Pf\u00e4lzerwald. Um 8 Uhr startete sie in Elmstein in der Pfalz zu einer Wanderung nach Speyer. Ihr Bericht: Es war mega, wir sind auf dem Pf\u00e4lzischen Jakobsweg gelaufen. Bis Kilometer 39 war \u00fcberhaupt kein Problem. Danach war es nur noch durchhalten &hellip; <a href=\"https:\/\/laufseggenelauf.de\/?p=2044\" class=\"more-link\"><span class=\"screen-reader-text\">AdventureWalk Pf\u00e4lzerwald 50 km<\/span> weiterlesen <span class=\"meta-nav\">&rarr;<\/span><\/a><\/p>\n","protected":false},"author":1,"featured_media":0,"comment_status":"open","ping_status":"open","sticky":false,"template":"","format":"standard","meta":{"footnotes":""},"categories":[3,39,5],"tags":[],"class_list":["post-2044","post","type-post","status-publish","format-standard","hentry","category-ultra","category-wandern","category-wettkampf"],"_links":{"self":[{"href":"https:\/\/laufseggenelauf.de\/index.php?rest_route=\/wp\/v2\/posts\/2044","targetHints":{"allow":["GET"]}}],"collection":[{"href":"https:\/\/laufseggenelauf.de\/index.php?rest_route=\/wp\/v2\/posts"}],"about":[{"href":"https:\/\/laufseggenelauf.de\/index.php?rest_route=\/wp\/v2\/types\/post"}],"author":[{"embeddable":true,"href":"https:\/\/laufseggenelauf.de\/index.php?rest_route=\/wp\/v2\/users\/1"}],"replies":[{"embeddable":true,"href":"https:\/\/laufseggenelauf.de\/index.php?rest_route=%2Fwp%2Fv2%2Fcomments&post=2044"}],"version-history":[{"count":5,"href":"https:\/\/laufseggenelauf.de\/index.php?rest_route=\/wp\/v2\/posts\/2044\/revisions"}],"predecessor-version":[{"id":2049,"href":"https:\/\/laufseggenelauf.de\/index.php?rest_route=\/wp\/v2\/posts\/2044\/revisions\/2049"}],"wp:attachment":[{"href":"https:\/\/laufseggenelauf.de\/index.php?rest_route=%2Fwp%2Fv2%2Fmedia&parent=2044"}],"wp:term":[{"taxonomy":"category","embeddable":true,"href":"https:\/\/laufseggenelauf.de\/index.php?rest_route=%2Fwp%2Fv2%2Fcategories&post=2044"},{"taxonomy":"post_tag","embeddable":true,"href":"https:\/\/laufseggenelauf.de\/index.php?rest_route=%2Fwp%2Fv2%2Ftags&post=2044"}],"curies":[{"name":"wp","href":"https:\/\/api.w.org\/{rel}","templated":true}]}}