{"id":1980,"date":"2020-08-30T16:43:12","date_gmt":"2020-08-30T16:43:12","guid":{"rendered":"http:\/\/laufseggenelauf.de\/?p=1980"},"modified":"2020-08-30T17:19:26","modified_gmt":"2020-08-30T17:19:26","slug":"sabine-beim-matterhorn-ultraks-am-start","status":"publish","type":"post","link":"https:\/\/laufseggenelauf.de\/?p=1980","title":{"rendered":"Sabine beim Matterhorn Ultraks am Start"},"content":{"rendered":"\n<p>Sabine beim Matterhorn Ultraks &#8211; trotz Corona-Zeiten &#8211; <br>&#8222;Active&#8220; -Strecke: 19 km 1.150 hm<br><\/p>\n\n\n\n<p>Hier ihr Bericht:<br>Im August findet seit 2013 der Matterhorn Ultraks in Zermatt statt. Aufgrund Corona stand das Traillauf-Event lange auf der Kippe, doch mit einigen \u00c4nderungen und etlichen Hygienema\u00dfnahmen durfte der dreit\u00e4gige Wettbewerb stattfinden. Nach verschiedenen L\u00e4ufen am Freitag und Samstag, fand am Sonntag, den 23.08.2020, der &#8222;einfachste&#8220; Wettbewerb statt, an dem ich zum 6. Mal teilnahm. Bei der Strecke des &#8222;Active&#8220; musste ich abermals 19,5 Kilometer mit 1.150 H\u00f6henmeter zur\u00fccklegen. W\u00e4hrend die erste anstrengende Passage mit einem Anstieg auf 2.260 Meter noch reibungslos verlief, bekam ich beim &#8222;Abstieg&#8220; immer wieder Kr\u00e4mpfe, die mich auch zu einigen kleinen Pausen zwangen. Doch nach 3 Stunden und 48 Minuten habe ich dann doch das Ziel erreicht. Mit dem \u00dcberqueren der Ziellinie waren erstmals alle Schmerzen vergessen bis sich an den folgenden Tagen ein leichter Muskelkater einstellte.<br>Auch wenn ich im letzten Jahr meine &#8222;Laufkarriere am Matterhorn&#8220; an den Nagel h\u00e4ngen wollte, war es wieder ein tolles Ereignis und sofern meine Gesundheit mitspielt, ist auch die Teilnahme am 21. August 2021 geplant.<br>Vielleicht will mich ja jemand aus der Laufgruppe begleiten? Alle Infos und Eindr\u00fccke unter <a rel=\"noreferrer noopener\" href=\"http:\/\/matterhorn.ultraks.ch\/de\/\" target=\"_blank\">http:\/\/matterhorn.ultraks.ch\/de\/<\/a><\/p>\n\n\n\n<p>Gl\u00fcckwunsch Sabine, bei der Aussicht bekommt man tats\u00e4chlich Lust auf die Strecke &#8230;<\/p>\n\n\n\n<figure class=\"wp-block-image size-large\"><img loading=\"lazy\" decoding=\"async\" width=\"1200\" height=\"800\" src=\"https:\/\/laufseggenelauf.de\/wp-content\/uploads\/2020\/08\/6657_20200823_092931_192391909_socialmedia.jpg\" alt=\"\" class=\"wp-image-1976\" srcset=\"https:\/\/laufseggenelauf.de\/wp-content\/uploads\/2020\/08\/6657_20200823_092931_192391909_socialmedia.jpg 1200w, https:\/\/laufseggenelauf.de\/wp-content\/uploads\/2020\/08\/6657_20200823_092931_192391909_socialmedia-600x400.jpg 600w, https:\/\/laufseggenelauf.de\/wp-content\/uploads\/2020\/08\/6657_20200823_092931_192391909_socialmedia-768x512.jpg 768w\" sizes=\"auto, (max-width: 1200px) 100vw, 1200px\" \/><\/figure>\n\n\n\n<figure class=\"wp-block-image size-large\"><img loading=\"lazy\" decoding=\"async\" width=\"1200\" height=\"800\" src=\"https:\/\/laufseggenelauf.de\/wp-content\/uploads\/2020\/08\/6657_20200823_121352_192396212_socialmedia.jpg\" alt=\"\" class=\"wp-image-1975\" srcset=\"https:\/\/laufseggenelauf.de\/wp-content\/uploads\/2020\/08\/6657_20200823_121352_192396212_socialmedia.jpg 1200w, https:\/\/laufseggenelauf.de\/wp-content\/uploads\/2020\/08\/6657_20200823_121352_192396212_socialmedia-600x400.jpg 600w, https:\/\/laufseggenelauf.de\/wp-content\/uploads\/2020\/08\/6657_20200823_121352_192396212_socialmedia-768x512.jpg 768w\" sizes=\"auto, (max-width: 1200px) 100vw, 1200px\" \/><\/figure>\n\n\n\n<figure class=\"wp-block-image size-large\"><img loading=\"lazy\" decoding=\"async\" width=\"1920\" height=\"1357\" src=\"https:\/\/laufseggenelauf.de\/wp-content\/uploads\/2020\/08\/IMG_20200823_123226-1920x1357.jpg\" alt=\"\" class=\"wp-image-1977\" srcset=\"https:\/\/laufseggenelauf.de\/wp-content\/uploads\/2020\/08\/IMG_20200823_123226-1920x1357.jpg 1920w, https:\/\/laufseggenelauf.de\/wp-content\/uploads\/2020\/08\/IMG_20200823_123226-600x424.jpg 600w, https:\/\/laufseggenelauf.de\/wp-content\/uploads\/2020\/08\/IMG_20200823_123226-768x543.jpg 768w, https:\/\/laufseggenelauf.de\/wp-content\/uploads\/2020\/08\/IMG_20200823_123226-1536x1085.jpg 1536w, https:\/\/laufseggenelauf.de\/wp-content\/uploads\/2020\/08\/IMG_20200823_123226-2048x1447.jpg 2048w\" sizes=\"auto, (max-width: 1920px) 100vw, 1920px\" \/><\/figure>\n","protected":false},"excerpt":{"rendered":"<p>Sabine beim Matterhorn Ultraks &#8211; trotz Corona-Zeiten &#8211; &#8222;Active&#8220; -Strecke: 19 km 1.150 hm Hier ihr Bericht:Im August findet seit 2013 der Matterhorn Ultraks in Zermatt statt. Aufgrund Corona stand das Traillauf-Event lange auf der Kippe, doch mit einigen \u00c4nderungen und etlichen Hygienema\u00dfnahmen durfte der dreit\u00e4gige Wettbewerb stattfinden. Nach verschiedenen L\u00e4ufen am Freitag und Samstag, &hellip; <a href=\"https:\/\/laufseggenelauf.de\/?p=1980\" class=\"more-link\"><span class=\"screen-reader-text\">Sabine beim Matterhorn Ultraks am Start<\/span> weiterlesen <span class=\"meta-nav\">&rarr;<\/span><\/a><\/p>\n","protected":false},"author":1,"featured_media":0,"comment_status":"open","ping_status":"open","sticky":false,"template":"","format":"standard","meta":{"footnotes":""},"categories":[6,10],"tags":[37],"class_list":["post-1980","post","type-post","status-publish","format-standard","hentry","category-berglauf","category-trail","tag-matterhorn-ultraks"],"_links":{"self":[{"href":"https:\/\/laufseggenelauf.de\/index.php?rest_route=\/wp\/v2\/posts\/1980","targetHints":{"allow":["GET"]}}],"collection":[{"href":"https:\/\/laufseggenelauf.de\/index.php?rest_route=\/wp\/v2\/posts"}],"about":[{"href":"https:\/\/laufseggenelauf.de\/index.php?rest_route=\/wp\/v2\/types\/post"}],"author":[{"embeddable":true,"href":"https:\/\/laufseggenelauf.de\/index.php?rest_route=\/wp\/v2\/users\/1"}],"replies":[{"embeddable":true,"href":"https:\/\/laufseggenelauf.de\/index.php?rest_route=%2Fwp%2Fv2%2Fcomments&post=1980"}],"version-history":[{"count":6,"href":"https:\/\/laufseggenelauf.de\/index.php?rest_route=\/wp\/v2\/posts\/1980\/revisions"}],"predecessor-version":[{"id":1997,"href":"https:\/\/laufseggenelauf.de\/index.php?rest_route=\/wp\/v2\/posts\/1980\/revisions\/1997"}],"wp:attachment":[{"href":"https:\/\/laufseggenelauf.de\/index.php?rest_route=%2Fwp%2Fv2%2Fmedia&parent=1980"}],"wp:term":[{"taxonomy":"category","embeddable":true,"href":"https:\/\/laufseggenelauf.de\/index.php?rest_route=%2Fwp%2Fv2%2Fcategories&post=1980"},{"taxonomy":"post_tag","embeddable":true,"href":"https:\/\/laufseggenelauf.de\/index.php?rest_route=%2Fwp%2Fv2%2Ftags&post=1980"}],"curies":[{"name":"wp","href":"https:\/\/api.w.org\/{rel}","templated":true}]}}