{"id":1782,"date":"2020-01-12T19:13:43","date_gmt":"2020-01-12T19:13:43","guid":{"rendered":"http:\/\/laufseggenelauf.de\/?p=1782"},"modified":"2020-01-30T15:33:56","modified_gmt":"2020-01-30T15:33:56","slug":"la-corsa-della-bora-s1-2020","status":"publish","type":"post","link":"https:\/\/laufseggenelauf.de\/?p=1782","title":{"rendered":"La Corsa Della Bora S1 2020"},"content":{"rendered":"\n<figure class=\"wp-block-image size-large\"><img loading=\"lazy\" decoding=\"async\" width=\"1200\" height=\"1600\" src=\"https:\/\/laufseggenelauf.de\/wp-content\/uploads\/2020\/01\/IMG-20200108-WA0006.jpg\" alt=\"\" class=\"wp-image-1786\" srcset=\"https:\/\/laufseggenelauf.de\/wp-content\/uploads\/2020\/01\/IMG-20200108-WA0006.jpg 1200w, https:\/\/laufseggenelauf.de\/wp-content\/uploads\/2020\/01\/IMG-20200108-WA0006-450x600.jpg 450w, https:\/\/laufseggenelauf.de\/wp-content\/uploads\/2020\/01\/IMG-20200108-WA0006-768x1024.jpg 768w, https:\/\/laufseggenelauf.de\/wp-content\/uploads\/2020\/01\/IMG-20200108-WA0006-1152x1536.jpg 1152w\" sizes=\"auto, (max-width: 1200px) 100vw, 1200px\" \/><\/figure>\n\n\n\n<p>Der Weihnachtsspeck-Verbrennungslauf in einer sehr sch\u00f6nen\nGegend ungef\u00e4hr 15&nbsp;km von Triest entfernt. Der S1 ist ein 100-Meilen-Rennen\nmit 7.100 H\u00f6henmetern und startete am 3. Januar 2020 in Sistiana. Es gibt zwei\nStartm\u00f6glichkeiten um 5:00 oder 7:00 Uhr. F\u00fcr mich war 5:00 Uhr ideal. <\/p>\n\n\n\n<p>Also ging es um 5:00 Uhr mit der Stirnlampe los raus aus dem\nSportgel\u00e4nde und hinunter Richtung Meer. Dort auf den Klippen immer weiter am\nMeer entlang und noch alles flach aber bereits auf tollen Trails. Die Strecke\nist unheimlich gut ausgeschildert und an den Flatterb\u00e4ndern sind immer\nReflektoren angebracht. Man sieht immer weit voraus wo die Strecke hinf\u00fchrt.<\/p>\n\n\n\n<p>Dann geht es langsam hoch in Richtung Slowenien und in die\nWildnis, leider hatte mein Tracker ein Problem. Er sendete falsche Positionen\nbzw. gar keine. Das Race Office nahm noch in der Dunkelheit Kontakt zu mir auf,\nda musste ich wieder L\u00e4ufer vorbeiziehen lassen.<\/p>\n\n\n\n<p>An der VP bei 20&nbsp;km meldete ich das Problem mit dem\nTracker, er wurde \u00fcberpr\u00fcft und ging nicht. Anscheinend ging er ab und zu\nwieder. An jeder VP fragte ich nach und bei 85&nbsp;km wurde er ausgetauscht. Von\nda ab ging gar nichts mehr &#8211; was ich aber erst im Ziel erfuhr.<br>\nQuasi vom Start bis 40&nbsp;km ist man in der Wildnis auf Hammer harten\nSingletrails. Man muss st\u00e4ndig aufpassen. Die Trails sind noch mit hohem Gras\nverdeckt und darunter der Kaast, auf dem man st\u00e4ndig rutscht.<\/p>\n\n\n\n<p>Es wurde ein sch\u00f6ner sonniger Tag, fast zu warm. Unterwegs\nzog ich meine Jacke aus und verpackte sie im Rucksack. Der Tag verging und\nendlich bei 64&nbsp;km gab es dann mal etwas richtiges zu essen &#8211; Pasta und\nSuppe mit Reis. Dort kam dann mein Freund Martin Stortz von der LG Geroldseck\nauf mich aufgelaufen. Er startete um 7:00 Uhr.<\/p>\n\n\n\n<p>Zusammen gingen wir den n\u00e4chsten Berg an und genossen die letzten Strahlen der untergehenden Sonne.<\/p>\n\n\n\n<figure class=\"wp-block-image size-large\"><img loading=\"lazy\" decoding=\"async\" width=\"1920\" height=\"1440\" src=\"https:\/\/laufseggenelauf.de\/wp-content\/uploads\/2020\/01\/20200104_162644-1920x1440.jpg\" alt=\"\" class=\"wp-image-1787\" srcset=\"https:\/\/laufseggenelauf.de\/wp-content\/uploads\/2020\/01\/20200104_162644-1920x1440.jpg 1920w, https:\/\/laufseggenelauf.de\/wp-content\/uploads\/2020\/01\/20200104_162644-600x450.jpg 600w, https:\/\/laufseggenelauf.de\/wp-content\/uploads\/2020\/01\/20200104_162644-768x576.jpg 768w, https:\/\/laufseggenelauf.de\/wp-content\/uploads\/2020\/01\/20200104_162644-1536x1152.jpg 1536w, https:\/\/laufseggenelauf.de\/wp-content\/uploads\/2020\/01\/20200104_162644-2048x1536.jpg 2048w\" sizes=\"auto, (max-width: 1920px) 100vw, 1920px\" \/><\/figure>\n\n\n\n<p>Die Zeit nahmen wir uns f\u00fcr ein paar Erinnerungsfotos.<\/p>\n\n\n\n<figure class=\"wp-block-image size-large\"><img loading=\"lazy\" decoding=\"async\" width=\"1599\" height=\"1200\" src=\"https:\/\/laufseggenelauf.de\/wp-content\/uploads\/2020\/01\/IMG-20200105-WA0011.jpg\" alt=\"\" class=\"wp-image-1792\" srcset=\"https:\/\/laufseggenelauf.de\/wp-content\/uploads\/2020\/01\/IMG-20200105-WA0011.jpg 1599w, https:\/\/laufseggenelauf.de\/wp-content\/uploads\/2020\/01\/IMG-20200105-WA0011-600x450.jpg 600w, https:\/\/laufseggenelauf.de\/wp-content\/uploads\/2020\/01\/IMG-20200105-WA0011-768x576.jpg 768w, https:\/\/laufseggenelauf.de\/wp-content\/uploads\/2020\/01\/IMG-20200105-WA0011-1536x1153.jpg 1536w\" sizes=\"auto, (max-width: 1599px) 100vw, 1599px\" \/><\/figure>\n\n\n\n<p>Danach ging es bergab und wir trennten uns wieder. Bevor es\nrichtig dunkel wurde holte ich meine Stirnlampe aus dem Rucksack und eine lange\nNacht stand bevor.<\/p>\n\n\n\n<p>Die n\u00e4chste VP war Gojaki bei 85&nbsp;km, dort standen unsere\nDrop Bags. Zuerst kam die Uhr und das Handy an den Powerbank, danach Schuhe\naus, Pasta und Suppe bestellt. Den Drop Bag ge\u00f6ffnet und frische Klamotten, Schuhe\nund meine Getr\u00e4nke raus. Zuerst ein alkoholfreies Radler getrunken, danach eine\nSprite, dann gegessen am Ende noch ein Red Bull. Danach Klamotten-Wechsel und neue\nSchuhe an. Die Uhr, Handy und den Powerbank wieder verstauen, die Trinkflaschen\nam Rucksack auff\u00fcllen und wieder ab in die Nacht.<\/p>\n\n\n\n<p>Jetzt kam bis 103&nbsp;km ein richtig schwerer Abschnitt mit\n\u00fcber 1.100&nbsp;Hm und die h\u00f6chsten Punkte von der Strecke und immer vertikal\nhoch. Es ging in Richtung Kroatien und prompt lief man am Stachelraht bergauf\nund ab dort entlang. Es ging dann \u00fcber eine Pferdekoppel, da musste ich mich\ndann durch man\u00f6vrieren und sah immer die Augen im Licht blinken. Der Bora Wind\nging nun auch noch los.<\/p>\n\n\n\n<p>Ich lief dann auf eine 5-k\u00f6pfige Gruppe auf und hielt mich\ndort hinten auf, da es sowieso bergauf ging. Beim Downhill erkannte ich dann\nmeinen Freund Martin wieder und wir liefen beide zusammen weiter. Wir\nbeschlossen, bis ins Ziel weiter zusammen zu laufen.<\/p>\n\n\n\n<p>Die n\u00e4chste VP war in einer Garage und davor ein Pavillion.\nWie gesagt der Wind wurde immer st\u00e4rker und prompt flog der Pavillion davon. Es\nzog richtig an der VP und da war schon kurz vor Mitternacht also schnell\nweiter.<\/p>\n\n\n\n<p>Jetzt war ein etwas flacherer Abschnitt der uns in Richtung Triest brachte. Dann sahen wir die Lichter vom Hafen Izola\/Koper\/Slowenien.<\/p>\n\n\n\n<figure class=\"wp-block-image size-large\"><img loading=\"lazy\" decoding=\"async\" width=\"1599\" height=\"1200\" src=\"https:\/\/laufseggenelauf.de\/wp-content\/uploads\/2020\/01\/IMG-20200105-WA0015.jpg\" alt=\"\" class=\"wp-image-1793\" srcset=\"https:\/\/laufseggenelauf.de\/wp-content\/uploads\/2020\/01\/IMG-20200105-WA0015.jpg 1599w, https:\/\/laufseggenelauf.de\/wp-content\/uploads\/2020\/01\/IMG-20200105-WA0015-600x450.jpg 600w, https:\/\/laufseggenelauf.de\/wp-content\/uploads\/2020\/01\/IMG-20200105-WA0015-768x576.jpg 768w, https:\/\/laufseggenelauf.de\/wp-content\/uploads\/2020\/01\/IMG-20200105-WA0015-1536x1153.jpg 1536w\" sizes=\"auto, (max-width: 1599px) 100vw, 1599px\" \/><\/figure>\n\n\n\n<p>Ein Singletrail f\u00fchrte uns bergab nach Dolina\/Italien zu der\nn\u00e4chsten VP ca. 2:00&nbsp;Uhr. F\u00fcr mich gab es \u00c4pfel, Salami, Bouillon und\nZitronentee. Die VP war ein beheiztes Armeezelt da fielen mir kurz im sitzen\nmal die Augen zu. Also wieder schnell raus auf die n\u00e4chsten Verticali Anstiege.\nwieder ein ganz schwerer Abschnitt mit sehr viel Kaast und ein Steig der\nausgesetzt mit Seilen befestigt war. Dann bergab und in ein Tal hinein und am\nEnde &#8211; wie soll es auch anderst sein &#8211; Verticali.<\/p>\n\n\n\n<p>Jetzt fiel es aber leichter denn es wurde wieder Tag und die\nn\u00e4chste VP bei 132&nbsp;km stand an.<\/p>\n\n\n\n<p>Hier gab es W\u00fcrstel und Zitronentee, leider keinen Kaffee. <\/p>\n\n\n\n<p>Die Strecke blieb weiterhin schwer und da machte auch der Ausblick nach Triest nichts leichter.<\/p>\n\n\n\n<figure class=\"wp-block-image size-large\"><img loading=\"lazy\" decoding=\"async\" width=\"1920\" height=\"1440\" src=\"https:\/\/laufseggenelauf.de\/wp-content\/uploads\/2020\/01\/20200105_074817-1920x1440.jpg\" alt=\"\" class=\"wp-image-1788\" srcset=\"https:\/\/laufseggenelauf.de\/wp-content\/uploads\/2020\/01\/20200105_074817-1920x1440.jpg 1920w, https:\/\/laufseggenelauf.de\/wp-content\/uploads\/2020\/01\/20200105_074817-600x450.jpg 600w, https:\/\/laufseggenelauf.de\/wp-content\/uploads\/2020\/01\/20200105_074817-768x576.jpg 768w, https:\/\/laufseggenelauf.de\/wp-content\/uploads\/2020\/01\/20200105_074817-1536x1152.jpg 1536w, https:\/\/laufseggenelauf.de\/wp-content\/uploads\/2020\/01\/20200105_074817-2048x1536.jpg 2048w\" sizes=\"auto, (max-width: 1920px) 100vw, 1920px\" \/><\/figure>\n\n\n\n<p>Hier ein Blick nach links, wo es die Nacht rauf und runter im Kaast ging.<\/p>\n\n\n\n<figure class=\"wp-block-image size-large\"><img loading=\"lazy\" decoding=\"async\" width=\"1920\" height=\"1440\" src=\"https:\/\/laufseggenelauf.de\/wp-content\/uploads\/2020\/01\/20200105_093615-1920x1440.jpg\" alt=\"\" class=\"wp-image-1789\" srcset=\"https:\/\/laufseggenelauf.de\/wp-content\/uploads\/2020\/01\/20200105_093615-1920x1440.jpg 1920w, https:\/\/laufseggenelauf.de\/wp-content\/uploads\/2020\/01\/20200105_093615-600x450.jpg 600w, https:\/\/laufseggenelauf.de\/wp-content\/uploads\/2020\/01\/20200105_093615-768x576.jpg 768w, https:\/\/laufseggenelauf.de\/wp-content\/uploads\/2020\/01\/20200105_093615-1536x1152.jpg 1536w, https:\/\/laufseggenelauf.de\/wp-content\/uploads\/2020\/01\/20200105_093615-2048x1536.jpg 2048w\" sizes=\"auto, (max-width: 1920px) 100vw, 1920px\" \/><\/figure>\n\n\n\n<p>Blick auf Triest<\/p>\n\n\n\n<p>Aber es ging nach Hause und etwas \u00fcber 30&nbsp;km blieben\nuns noch. Langsam wurde es immer w\u00e4rmer und ich zog die Jacke au,s sp\u00e4ter noch\ndas lange Laufshirt und zog ein kurzes dar\u00fcber.<\/p>\n\n\n\n<p>So ging es weiter am Meer entlang und ganz lange Anstiege\nkamen keine mehr. <\/p>\n\n\n\n<p>Auf den letzten 15&nbsp;km liefen dann immer mehr L\u00e4ufer von\nden anderen Strecken (16&nbsp;km, 21&nbsp;km, 57&nbsp;km) auf uns auf. Was ein\nProblem war auf den Singletrails und der Schwere der Strecke. Die wollen vorbei,\naber meine Zeit l\u00e4uft auch.<\/p>\n\n\n\n<p>Egal das Ziel naht.<\/p>\n\n\n\n<p>In Sistiana angekommen ging es noch einmal runter bis ans Meer und die letzten 3&nbsp;km wieder bergauf.<\/p>\n\n\n\n<figure class=\"wp-block-image size-large\"><img loading=\"lazy\" decoding=\"async\" width=\"1599\" height=\"1200\" src=\"https:\/\/laufseggenelauf.de\/wp-content\/uploads\/2020\/01\/IMG-20200105-WA0002.jpg\" alt=\"\" class=\"wp-image-1790\" srcset=\"https:\/\/laufseggenelauf.de\/wp-content\/uploads\/2020\/01\/IMG-20200105-WA0002.jpg 1599w, https:\/\/laufseggenelauf.de\/wp-content\/uploads\/2020\/01\/IMG-20200105-WA0002-600x450.jpg 600w, https:\/\/laufseggenelauf.de\/wp-content\/uploads\/2020\/01\/IMG-20200105-WA0002-768x576.jpg 768w, https:\/\/laufseggenelauf.de\/wp-content\/uploads\/2020\/01\/IMG-20200105-WA0002-1536x1153.jpg 1536w\" sizes=\"auto, (max-width: 1599px) 100vw, 1599px\" \/><\/figure>\n\n\n\n<figure class=\"wp-block-image size-large\"><img loading=\"lazy\" decoding=\"async\" width=\"1599\" height=\"1200\" src=\"https:\/\/laufseggenelauf.de\/wp-content\/uploads\/2020\/01\/IMG-20200105-WA0003.jpg\" alt=\"\" class=\"wp-image-1791\" srcset=\"https:\/\/laufseggenelauf.de\/wp-content\/uploads\/2020\/01\/IMG-20200105-WA0003.jpg 1599w, https:\/\/laufseggenelauf.de\/wp-content\/uploads\/2020\/01\/IMG-20200105-WA0003-600x450.jpg 600w, https:\/\/laufseggenelauf.de\/wp-content\/uploads\/2020\/01\/IMG-20200105-WA0003-768x576.jpg 768w, https:\/\/laufseggenelauf.de\/wp-content\/uploads\/2020\/01\/IMG-20200105-WA0003-1536x1153.jpg 1536w\" sizes=\"auto, (max-width: 1599px) 100vw, 1599px\" \/><\/figure>\n\n\n\n<p>&#8230; bis ins Ziel \u2026 168&nbsp;km &#8230; 7.100 H\u00f6henmeter &#8230; 34:30:00\nStunden &#8230;<\/p>\n\n\n\n<p>33. Gesamt &#8230; 4. AK<\/p>\n\n\n\n<p>Es war ein Harter Ritt. Gerade die zweite h\u00e4lfte vom Rennen\nwar richtig schwer. Leider war die Verpflegung etwas d\u00fcrftig. Man h\u00e4tte mehr\nPasta an den Versorgungen und Kaffee gebraucht.<\/p>\n\n\n\n<p>Die Strecke war sehr gut ausgeschildert, ein ganz gro\u00dfes Lob\nan die Veranstalter. Auch die Ordner unterwegs an den VPs waren immer\nansprechbar und sehr hilfsbereit, Top.<\/p>\n\n\n\n<p>Wer im Winter einen 100 Meilen Lauf sucht, der sollte den La Corsa Della Bora ins Auge nehmen. Aber <strong>ACHTUNG, <\/strong>dass er dich nicht abwirft.<\/p>\n\n\n\n<figure class=\"wp-block-image size-large\"><img loading=\"lazy\" decoding=\"async\" width=\"960\" height=\"639\" src=\"https:\/\/laufseggenelauf.de\/wp-content\/uploads\/2020\/01\/WhatsApp-Image-2020-01-20-at-04.48.30.jpeg\" alt=\"\" class=\"wp-image-1802\" srcset=\"https:\/\/laufseggenelauf.de\/wp-content\/uploads\/2020\/01\/WhatsApp-Image-2020-01-20-at-04.48.30.jpeg 960w, https:\/\/laufseggenelauf.de\/wp-content\/uploads\/2020\/01\/WhatsApp-Image-2020-01-20-at-04.48.30-600x399.jpeg 600w, https:\/\/laufseggenelauf.de\/wp-content\/uploads\/2020\/01\/WhatsApp-Image-2020-01-20-at-04.48.30-768x511.jpeg 768w\" sizes=\"auto, (max-width: 960px) 100vw, 960px\" \/><figcaption>GESCHAFFT!! \ud83d\ude42<\/figcaption><\/figure>\n","protected":false},"excerpt":{"rendered":"<p>Der Weihnachtsspeck-Verbrennungslauf in einer sehr sch\u00f6nen Gegend ungef\u00e4hr 15&nbsp;km von Triest entfernt. Der S1 ist ein 100-Meilen-Rennen mit 7.100 H\u00f6henmetern und startete am 3. Januar 2020 in Sistiana. Es gibt zwei Startm\u00f6glichkeiten um 5:00 oder 7:00 Uhr. F\u00fcr mich war 5:00 Uhr ideal. Also ging es um 5:00 Uhr mit der Stirnlampe los raus aus &hellip; <a href=\"https:\/\/laufseggenelauf.de\/?p=1782\" class=\"more-link\"><span class=\"screen-reader-text\">La Corsa Della Bora S1 2020<\/span> weiterlesen <span class=\"meta-nav\">&rarr;<\/span><\/a><\/p>\n","protected":false},"author":1,"featured_media":0,"comment_status":"open","ping_status":"open","sticky":false,"template":"","format":"standard","meta":{"footnotes":""},"categories":[6,10,3,5],"tags":[],"class_list":["post-1782","post","type-post","status-publish","format-standard","hentry","category-berglauf","category-trail","category-ultra","category-wettkampf"],"_links":{"self":[{"href":"https:\/\/laufseggenelauf.de\/index.php?rest_route=\/wp\/v2\/posts\/1782","targetHints":{"allow":["GET"]}}],"collection":[{"href":"https:\/\/laufseggenelauf.de\/index.php?rest_route=\/wp\/v2\/posts"}],"about":[{"href":"https:\/\/laufseggenelauf.de\/index.php?rest_route=\/wp\/v2\/types\/post"}],"author":[{"embeddable":true,"href":"https:\/\/laufseggenelauf.de\/index.php?rest_route=\/wp\/v2\/users\/1"}],"replies":[{"embeddable":true,"href":"https:\/\/laufseggenelauf.de\/index.php?rest_route=%2Fwp%2Fv2%2Fcomments&post=1782"}],"version-history":[{"count":7,"href":"https:\/\/laufseggenelauf.de\/index.php?rest_route=\/wp\/v2\/posts\/1782\/revisions"}],"predecessor-version":[{"id":1804,"href":"https:\/\/laufseggenelauf.de\/index.php?rest_route=\/wp\/v2\/posts\/1782\/revisions\/1804"}],"wp:attachment":[{"href":"https:\/\/laufseggenelauf.de\/index.php?rest_route=%2Fwp%2Fv2%2Fmedia&parent=1782"}],"wp:term":[{"taxonomy":"category","embeddable":true,"href":"https:\/\/laufseggenelauf.de\/index.php?rest_route=%2Fwp%2Fv2%2Fcategories&post=1782"},{"taxonomy":"post_tag","embeddable":true,"href":"https:\/\/laufseggenelauf.de\/index.php?rest_route=%2Fwp%2Fv2%2Ftags&post=1782"}],"curies":[{"name":"wp","href":"https:\/\/api.w.org\/{rel}","templated":true}]}}